{"id":64194,"date":"2025-06-26T17:37:44","date_gmt":"2025-06-26T17:37:44","guid":{"rendered":"https:\/\/lahora.mx\/?p=64194"},"modified":"2025-06-26T17:37:44","modified_gmt":"2025-06-26T17:37:44","slug":"lluvias-danan-al-menos-10-hectareas-de-viveros-en-cabrera-en-atlixco","status":"publish","type":"post","link":"https:\/\/lahora.mx\/index.php\/2025\/06\/26\/lluvias-danan-al-menos-10-hectareas-de-viveros-en-cabrera-en-atlixco\/","title":{"rendered":"Lluvias da\u00f1an al menos 10 hect\u00e1reas de viveros en Cabrera, en Atlixco"},"content":{"rendered":"\n<p>Las intensas lluvias registradas la tarde de ayer provocaron afectaciones graves en al menos 10 hect\u00e1reas de viveros en la colonia de Cabrera, ubicadas a 15 minutos de la cabecera, confirmaron afectados.<br><br>Esta es la segunda ocasi\u00f3n consecutiva la cual los productores locales enfrentan este tipo de p\u00e9rdidas por fen\u00f3menos clim\u00e1ticos, despu\u00e9s de un 2024 igualmente complicado.<\/p>\n\n\n\n<p>Los productores flor\u00edcolas, quienes desde junio inician la siembra de flor de cempas\u00fachil destinada a la temporada de d\u00eda de muertos, reconocieron el exceso de agua devastadora inundaciones, arrastre de tierra y da\u00f1o en las pl\u00e1ntulas reci\u00e9n sembradas, afectando tanto el calendario como la viabilidad de la cosecha.<\/p>\n\n\n\n<p>Desde la tarde de ayer el delegado regional de la Secretar\u00eda de Agricultura y Desarrollo Rural (SADER), Fernando Garc\u00eda de la Torre, acudi\u00f3 a evaluar la magnitud del desastre, seguido este jueves por la alcaldesa Ariadna Ayala quien recorri\u00f3 los viveros.<\/p>\n\n\n\n<p>En Atlixco m\u00e1s de 500 hect\u00e1reas se dedican anualmente al cultivo de cempas\u00fachil, convirti\u00e9ndolo en uno de los principales proveedores de esta flor a nivel nacional. Y en el caso de los viveros \u00e9stos generan m\u00e1s de un mill\u00f3n de piezas para la temporada de Todos Santos.<\/p>\n\n\n\n<p>Cualquier afectaci\u00f3n a esta cadena productiva pone en riesgo no s\u00f3lo la tradici\u00f3n, tambi\u00e9n el sustento de decenas de familias dependientes directamente de esta flor de temporada.<\/p>\n\n\n\n<p>Las autoridades anunciaron elaboraron un censo para determinar la magnitud exacta de las p\u00e9rdidas y evaluar apoyos emergentes.<\/p>\n\n\n\n<p>Mantente al tanto de todas las noticias de Puebla y el mundo. Haz clic aqu\u00ed para seguir explorando nuestro portal.<\/p>\n","protected":false},"excerpt":{"rendered":"<p>Las intensas lluvias registradas la tarde de ayer provocaron afectaciones graves en al menos 10 hect\u00e1reas de viveros en la colonia de Cabrera, ubicadas a 15 minutos de la cabecera, confirmaron afectados. Esta es la segunda ocasi\u00f3n consecutiva la cual los productores locales enfrentan este tipo de p\u00e9rdidas por fen\u00f3menos clim\u00e1ticos, despu\u00e9s de un 2024 [&hellip;]<\/p>\n","protected":false},"author":4,"featured_media":64195,"comment_status":"open","ping_status":"open","sticky":false,"template":"","format":"standard","meta":{"om_disable_all_campaigns":false,"_monsterinsights_skip_tracking":false,"_monsterinsights_sitenote_active":false,"_monsterinsights_sitenote_note":"","_monsterinsights_sitenote_category":0,"footnotes":""},"categories":[175],"tags":[223],"class_list":["post-64194","post","type-post","status-publish","format-standard","has-post-thumbnail","hentry","category-local","tag-puebla"],"amp_enabled":true,"_links":{"self":[{"href":"https:\/\/lahora.mx\/index.php\/wp-json\/wp\/v2\/posts\/64194","targetHints":{"allow":["GET"]}}],"collection":[{"href":"https:\/\/lahora.mx\/index.php\/wp-json\/wp\/v2\/posts"}],"about":[{"href":"https:\/\/lahora.mx\/index.php\/wp-json\/wp\/v2\/types\/post"}],"author":[{"embeddable":true,"href":"https:\/\/lahora.mx\/index.php\/wp-json\/wp\/v2\/users\/4"}],"replies":[{"embeddable":true,"href":"https:\/\/lahora.mx\/index.php\/wp-json\/wp\/v2\/comments?post=64194"}],"version-history":[{"count":1,"href":"https:\/\/lahora.mx\/index.php\/wp-json\/wp\/v2\/posts\/64194\/revisions"}],"predecessor-version":[{"id":64196,"href":"https:\/\/lahora.mx\/index.php\/wp-json\/wp\/v2\/posts\/64194\/revisions\/64196"}],"wp:featuredmedia":[{"embeddable":true,"href":"https:\/\/lahora.mx\/index.php\/wp-json\/wp\/v2\/media\/64195"}],"wp:attachment":[{"href":"https:\/\/lahora.mx\/index.php\/wp-json\/wp\/v2\/media?parent=64194"}],"wp:term":[{"taxonomy":"category","embeddable":true,"href":"https:\/\/lahora.mx\/index.php\/wp-json\/wp\/v2\/categories?post=64194"},{"taxonomy":"post_tag","embeddable":true,"href":"https:\/\/lahora.mx\/index.php\/wp-json\/wp\/v2\/tags?post=64194"}],"curies":[{"name":"wp","href":"https:\/\/api.w.org\/{rel}","templated":true}]}}