{"id":64191,"date":"2025-06-26T17:36:34","date_gmt":"2025-06-26T17:36:34","guid":{"rendered":"https:\/\/lahora.mx\/?p=64191"},"modified":"2025-06-26T17:36:35","modified_gmt":"2025-06-26T17:36:35","slug":"puebla-suma-al-desarrollo-economico-nacional-con-la-capital-de-la-tecnologia","status":"publish","type":"post","link":"https:\/\/lahora.mx\/index.php\/2025\/06\/26\/puebla-suma-al-desarrollo-economico-nacional-con-la-capital-de-la-tecnologia\/","title":{"rendered":"Puebla suma al desarrollo econ\u00f3mico nacional con la capital de la Tecnolog\u00eda"},"content":{"rendered":"\n<p>Puebla est\u00e1 con usted en todos los proyectos, dijo el gobernador de Puebla, Alejandro Armenta Mier, a la presidenta Claudia Sheinbaum, al arranque de su participaci\u00f3n en la ma\u00f1anera de este d\u00eda, en la que los gobernadores del pa\u00eds expusieron la aportaci\u00f3n de cada entidad al desarrollo del pa\u00eds.<br><br>\u201cPuebla participa a trav\u00e9s de este valle denominado Valle del Salado, en el territorio de San Jos\u00e9 Chiapa, transformando lo que fue un elefante blanco de los gobiernos neoliberales en un polo de bienestar que nuestra presidenta nos ha tenido a bien compartir en m\u00e1s de 400 hect\u00e1reas\u201d, as\u00ed abri\u00f3 su participaci\u00f3n el gobernador de Puebla.<\/p>\n\n\n\n<p>\u201cEsta zona se denomin\u00f3 Ciudad Modelo, pero se convirti\u00f3 en los \u00faltimos 25 a\u00f1os en un elefante blanco. Ser\u00e1 para nosotros la capital de la tecnolog\u00eda y la sostenibilidad. Este parque estar\u00e1 ubicado en la intersecci\u00f3n que nos comunica a Veracruz y a Oaxaca, es decir, se conecta perfectamente por v\u00edas carreteras y f\u00e9rreas al tren interoce\u00e1nico\u201d, agreg\u00f3 el morenista.<\/p>\n\n\n\n<p>\u201cVamos a participar en los 10 modelos de desarrollo que ha planteado la Secretar\u00eda de Econom\u00eda y nuestra presidenta, y tenemos ah\u00ed ya ubicadas universidades como la Benem\u00e9rita Universidad Aut\u00f3noma de Puebla, el Polit\u00e9cnico Nacional y un centro de formaci\u00f3n de capital humano de alta tecnolog\u00eda, porque de ah\u00ed se forma el mejor capital humano para Audi.<\/p>\n\n\n\n<p>\u201cTenemos, sin duda, la participaci\u00f3n de lo que antes era Conacyt, con un centro de innovaci\u00f3n, y bajo esta l\u00f3gica, Puebla, con este polo, articular\u00e1 pr\u00e1cticamente los siete parques industriales que tenemos y se coordinar\u00e1 con 12 parques industriales privados y 3 reservas industriales.<\/p>\n\n\n\n<p>\u201cEs decir, la visi\u00f3n integral que tiene nuestra presidenta de la Rep\u00fablica para nosotros significa la articulaci\u00f3n sist\u00e9mica de todos los nodos de desarrollo para el sector primario, secundario y terciario de nuestra econom\u00eda.<\/p>\n\n\n\n<p>2Bajo esta l\u00f3gica tambi\u00e9n informo y le agradezco a nuestra presidenta porque estamos participando en todos los proyectos de tecnolog\u00eda. Este parque, que para nosotros es la capital de la tecnolog\u00eda y sostenibilidad, tambi\u00e9n es un eje conductor para acompa\u00f1ar a Qudsari en semiconductores, a Ulinea en la industria automotriz, a la red de Ecos, al Programa Nacional de Divulgaci\u00f3n Cient\u00edfica, al proyecto de sat\u00e9lites, a la Universidad Rosario Castellanos y a todos los grandes proyectos que tiene nuestra presidenta, como la supercomputadora.<\/p>\n\n\n\n<p>\u201cEl d\u00eda de antier instalamos ya la primera f\u00e1brica de paneles solares con capital migrante, presidenta, y en esta zona se va a desarrollar.<\/p>\n\n\n\n<p>\u201cA las y los empresarios los invitamos a acudir a Puebla para que desde ah\u00ed logremos que el desarrollo con perspectiva social e inclusiva permita tener una puerta de acceso al tren interoce\u00e1nico\u201d<\/p>\n\n\n\n<p>Muchas gracias, presidenta, por incorporar a Puebla al desarrollo humano que usted est\u00e1 impulsando en nuestro pa\u00eds, concluy\u00f3 el mandatario poblano.<\/p>\n","protected":false},"excerpt":{"rendered":"<p>Puebla est\u00e1 con usted en todos los proyectos, dijo el gobernador de Puebla, Alejandro Armenta Mier, a la presidenta Claudia Sheinbaum, al arranque de su participaci\u00f3n en la ma\u00f1anera de este d\u00eda, en la que los gobernadores del pa\u00eds expusieron la aportaci\u00f3n de cada entidad al desarrollo del pa\u00eds. \u201cPuebla participa a trav\u00e9s de este [&hellip;]<\/p>\n","protected":false},"author":4,"featured_media":64192,"comment_status":"open","ping_status":"open","sticky":false,"template":"","format":"standard","meta":{"om_disable_all_campaigns":false,"_monsterinsights_skip_tracking":false,"_monsterinsights_sitenote_active":false,"_monsterinsights_sitenote_note":"","_monsterinsights_sitenote_category":0,"footnotes":""},"categories":[175],"tags":[239,223],"class_list":["post-64191","post","type-post","status-publish","format-standard","has-post-thumbnail","hentry","category-local","tag-gobierno","tag-puebla"],"amp_enabled":true,"_links":{"self":[{"href":"https:\/\/lahora.mx\/index.php\/wp-json\/wp\/v2\/posts\/64191","targetHints":{"allow":["GET"]}}],"collection":[{"href":"https:\/\/lahora.mx\/index.php\/wp-json\/wp\/v2\/posts"}],"about":[{"href":"https:\/\/lahora.mx\/index.php\/wp-json\/wp\/v2\/types\/post"}],"author":[{"embeddable":true,"href":"https:\/\/lahora.mx\/index.php\/wp-json\/wp\/v2\/users\/4"}],"replies":[{"embeddable":true,"href":"https:\/\/lahora.mx\/index.php\/wp-json\/wp\/v2\/comments?post=64191"}],"version-history":[{"count":1,"href":"https:\/\/lahora.mx\/index.php\/wp-json\/wp\/v2\/posts\/64191\/revisions"}],"predecessor-version":[{"id":64193,"href":"https:\/\/lahora.mx\/index.php\/wp-json\/wp\/v2\/posts\/64191\/revisions\/64193"}],"wp:featuredmedia":[{"embeddable":true,"href":"https:\/\/lahora.mx\/index.php\/wp-json\/wp\/v2\/media\/64192"}],"wp:attachment":[{"href":"https:\/\/lahora.mx\/index.php\/wp-json\/wp\/v2\/media?parent=64191"}],"wp:term":[{"taxonomy":"category","embeddable":true,"href":"https:\/\/lahora.mx\/index.php\/wp-json\/wp\/v2\/categories?post=64191"},{"taxonomy":"post_tag","embeddable":true,"href":"https:\/\/lahora.mx\/index.php\/wp-json\/wp\/v2\/tags?post=64191"}],"curies":[{"name":"wp","href":"https:\/\/api.w.org\/{rel}","templated":true}]}}