{"id":64188,"date":"2025-06-26T17:30:31","date_gmt":"2025-06-26T17:30:31","guid":{"rendered":"https:\/\/lahora.mx\/?p=64188"},"modified":"2025-06-26T17:30:32","modified_gmt":"2025-06-26T17:30:32","slug":"marinos-y-policias-de-tecamachalco-rescatan-a-5-personas-y-recuperan-vehiculo-robado","status":"publish","type":"post","link":"https:\/\/lahora.mx\/index.php\/2025\/06\/26\/marinos-y-policias-de-tecamachalco-rescatan-a-5-personas-y-recuperan-vehiculo-robado\/","title":{"rendered":"Marinos y polic\u00edas de Tecamachalco rescatan a 5 personas y recuperan veh\u00edculo robado"},"content":{"rendered":"\n<p>Elementos de la Marina y Polic\u00edas Municipales de Tecamachalco lograron rescatar a cinco personas que se encontraban privadas de su libertad, as\u00ed como recuperar una camioneta que ten\u00eda reporte de robo, el hecho se registr\u00f3 sobre la carretera federal Puebla &#8211; Tehuac\u00e1n a la altura de la junta auxiliar de Santiago Alseseca, donde no hubo personas detenidas.<\/p>\n\n\n\n<p>Los hechos se registraron sobre la carretera federal Puebla &#8211; Tehuac\u00e1n a la altura de la junta auxiliar de Santiago Alseseca, donde adem\u00e1s se asegur\u00f3 otra camioneta de la marca MG que tambi\u00e9n ten\u00eda reporte de robo.<\/p>\n\n\n\n<p>A decir de las autoridades la camioneta de la marca Hailgander ser\u00e1 entregada a su propietario luego de acreditar la propiedad de la misma, en tanto la otra unidad ser\u00e1 puesta a disposici\u00f3n del agente del Ministerio P\u00fablico de Tecamachalco.<\/p>\n","protected":false},"excerpt":{"rendered":"<p>Elementos de la Marina y Polic\u00edas Municipales de Tecamachalco lograron rescatar a cinco personas que se encontraban privadas de su libertad, as\u00ed como recuperar una camioneta que ten\u00eda reporte de robo, el hecho se registr\u00f3 sobre la carretera federal Puebla &#8211; Tehuac\u00e1n a la altura de la junta auxiliar de Santiago Alseseca, donde no hubo [&hellip;]<\/p>\n","protected":false},"author":4,"featured_media":64189,"comment_status":"open","ping_status":"open","sticky":false,"template":"","format":"standard","meta":{"om_disable_all_campaigns":false,"_monsterinsights_skip_tracking":false,"_monsterinsights_sitenote_active":false,"_monsterinsights_sitenote_note":"","_monsterinsights_sitenote_category":0,"footnotes":""},"categories":[175,226],"tags":[223],"class_list":["post-64188","post","type-post","status-publish","format-standard","has-post-thumbnail","hentry","category-local","category-policia","tag-puebla"],"amp_enabled":true,"_links":{"self":[{"href":"https:\/\/lahora.mx\/index.php\/wp-json\/wp\/v2\/posts\/64188","targetHints":{"allow":["GET"]}}],"collection":[{"href":"https:\/\/lahora.mx\/index.php\/wp-json\/wp\/v2\/posts"}],"about":[{"href":"https:\/\/lahora.mx\/index.php\/wp-json\/wp\/v2\/types\/post"}],"author":[{"embeddable":true,"href":"https:\/\/lahora.mx\/index.php\/wp-json\/wp\/v2\/users\/4"}],"replies":[{"embeddable":true,"href":"https:\/\/lahora.mx\/index.php\/wp-json\/wp\/v2\/comments?post=64188"}],"version-history":[{"count":1,"href":"https:\/\/lahora.mx\/index.php\/wp-json\/wp\/v2\/posts\/64188\/revisions"}],"predecessor-version":[{"id":64190,"href":"https:\/\/lahora.mx\/index.php\/wp-json\/wp\/v2\/posts\/64188\/revisions\/64190"}],"wp:featuredmedia":[{"embeddable":true,"href":"https:\/\/lahora.mx\/index.php\/wp-json\/wp\/v2\/media\/64189"}],"wp:attachment":[{"href":"https:\/\/lahora.mx\/index.php\/wp-json\/wp\/v2\/media?parent=64188"}],"wp:term":[{"taxonomy":"category","embeddable":true,"href":"https:\/\/lahora.mx\/index.php\/wp-json\/wp\/v2\/categories?post=64188"},{"taxonomy":"post_tag","embeddable":true,"href":"https:\/\/lahora.mx\/index.php\/wp-json\/wp\/v2\/tags?post=64188"}],"curies":[{"name":"wp","href":"https:\/\/api.w.org\/{rel}","templated":true}]}}