{"id":64185,"date":"2025-06-26T16:50:46","date_gmt":"2025-06-26T16:50:46","guid":{"rendered":"https:\/\/lahora.mx\/?p=64185"},"modified":"2025-06-26T16:54:17","modified_gmt":"2025-06-26T16:54:17","slug":"con-inversiones-empleo-y-mayor-seguridad-puebla-participa-en-polos-de-bienestar","status":"publish","type":"post","link":"https:\/\/lahora.mx\/index.php\/2025\/06\/26\/con-inversiones-empleo-y-mayor-seguridad-puebla-participa-en-polos-de-bienestar\/","title":{"rendered":"Con inversiones, empleo y mayor seguridad, Puebla participa en Polos de Bienestar"},"content":{"rendered":"\n<p>Con el objetivo de impulsar el desarrollo econ\u00f3mico y social con inversiones, oportunidades de empleo y mayor seguridad, el Gobierno de Puebla encabezado por Alejandro Armenta, forma parte de los Polos de Desarrollo Econ\u00f3mico para el Bienestar (PODECOBI), que impulsa el Gobierno Federal de la presidenta, Claudia Sheinbaum.<\/p>\n\n\n\n<p>Durante la ma\u00f1anera del Pueblo, la presidenta Claudia Sheinbaum Pardo, se\u00f1al\u00f3 que parte del Plan M\u00e9xico, los Polos de Desarrollo Econ\u00f3mico para el Bienestar (PODECOBI), son uno de los ejes centrales para fortalecer las inversiones nacionales y extranjeras, para ello afirm\u00f3 que existe plena coordinaci\u00f3n con las y los gobernadores que forman parte de dicha iniciativa.<\/p>\n\n\n\n<p>\u00abEs ordenar la inversi\u00f3n por cl\u00fasteres, zonas donde exista desarrollo principalmente industrial, servicios y turismo, Polos de Desarrollo que permitan tener inversi\u00f3n en el sector de manufacturas y servicios\u00bb, puntualiz\u00f3 la presidenta de M\u00e9xico.<\/p>\n\n\n\n<p>En su mensaje, el gobernador de Puebla, resalt\u00f3 que Puebla participa con 10 modelos de desarrollo y que con el respaldo del Gobierno de M\u00e9xico de la presidenta Sheinbaum Pardo se transforma lo que fue un elefante blanco de los gobiernos neoliberales en un polo de bienestar en un \u00e1rea de m\u00e1s de 400 hect\u00e1reas que se ubica en Ciudad Modelo y que ser\u00e1 la Capital de la Tecnolog\u00eda y la Sostenibilidad.<\/p>\n\n\n\n<p>El mandatario detall\u00f3 que el parque est\u00e1 ubicado en la intersecci\u00f3n que comunica a Veracruz y a Oaxaca, lo que facilitar\u00e1 la conexi\u00f3n por v\u00edas carreteras y f\u00e9rreas al Tren Interoce\u00e1nico. Dijo que este polo articular\u00e1 siete parques industriales, 12 privados y tres reservas industriales.<\/p>\n\n\n\n<p>\u00abPara nosotros, la visi\u00f3n integral de nuestra presidenta tiene como significado la articulaci\u00f3n sist\u00e9mica de todos los nodos de desarrollo para el sector primario, secundario y terciario de nuestra econom\u00eda\u00bb, asegur\u00f3 el gobernador.<\/p>\n\n\n\n<p>Por \u00faltimo, el mandatario estatal subray\u00f3 que Puebla participa con la firma del acuerdo de intenci\u00f3n, en todos los proyectos de tecnolog\u00eda que impulsa la presidenta como en el acompa\u00f1amiento de Kutsari en el dise\u00f1o de semiconductores; Olinia en la industria automotriz que impulsa la electromovilidad; con el Programa Nacional de Divulgaci\u00f3n Cient\u00edfica, as\u00ed como con un campus de la Universidad Rosario Castellanos en Eloxochitl\u00e1n.<\/p>\n\n\n\n<p>En su intervenci\u00f3n, el secretario de Econom\u00eda, Marcelo Ebrard, explic\u00f3 que el objetivo es crear bienestar, concentrar el esfuerzo para proveer infraestructura, servicios, est\u00edmulos fiscales, promover inversi\u00f3n en maquinaria y equipo, as\u00ed como fomentar programas de capacitaci\u00f3n dual e impulsar la innovaci\u00f3n.<\/p>\n\n\n\n<p>Durante la firma de convenio estuvieron presentes las y los gobernadores de Chihuahua, Durango, Estado de M\u00e9xico, Hidalgo, Tamaulipas, Veracruz, Sonora, Tlaxcala, Sinaloa, Morelia, Quintana Roo y Guanajuato.<\/p>\n","protected":false},"excerpt":{"rendered":"<p>Con el objetivo de impulsar el desarrollo econ\u00f3mico y social con inversiones, oportunidades de empleo y mayor seguridad, el Gobierno de Puebla encabezado por Alejandro Armenta, forma parte de los Polos de Desarrollo Econ\u00f3mico para el Bienestar (PODECOBI), que impulsa el Gobierno Federal de la presidenta, Claudia Sheinbaum. Durante la ma\u00f1anera del Pueblo, la presidenta [&hellip;]<\/p>\n","protected":false},"author":4,"featured_media":64186,"comment_status":"open","ping_status":"open","sticky":false,"template":"","format":"standard","meta":{"om_disable_all_campaigns":false,"_monsterinsights_skip_tracking":false,"_monsterinsights_sitenote_active":false,"_monsterinsights_sitenote_note":"","_monsterinsights_sitenote_category":0,"footnotes":""},"categories":[175],"tags":[239,195,223],"class_list":["post-64185","post","type-post","status-publish","format-standard","has-post-thumbnail","hentry","category-local","tag-gobierno","tag-principal","tag-puebla"],"amp_enabled":true,"_links":{"self":[{"href":"https:\/\/lahora.mx\/index.php\/wp-json\/wp\/v2\/posts\/64185","targetHints":{"allow":["GET"]}}],"collection":[{"href":"https:\/\/lahora.mx\/index.php\/wp-json\/wp\/v2\/posts"}],"about":[{"href":"https:\/\/lahora.mx\/index.php\/wp-json\/wp\/v2\/types\/post"}],"author":[{"embeddable":true,"href":"https:\/\/lahora.mx\/index.php\/wp-json\/wp\/v2\/users\/4"}],"replies":[{"embeddable":true,"href":"https:\/\/lahora.mx\/index.php\/wp-json\/wp\/v2\/comments?post=64185"}],"version-history":[{"count":1,"href":"https:\/\/lahora.mx\/index.php\/wp-json\/wp\/v2\/posts\/64185\/revisions"}],"predecessor-version":[{"id":64187,"href":"https:\/\/lahora.mx\/index.php\/wp-json\/wp\/v2\/posts\/64185\/revisions\/64187"}],"wp:featuredmedia":[{"embeddable":true,"href":"https:\/\/lahora.mx\/index.php\/wp-json\/wp\/v2\/media\/64186"}],"wp:attachment":[{"href":"https:\/\/lahora.mx\/index.php\/wp-json\/wp\/v2\/media?parent=64185"}],"wp:term":[{"taxonomy":"category","embeddable":true,"href":"https:\/\/lahora.mx\/index.php\/wp-json\/wp\/v2\/categories?post=64185"},{"taxonomy":"post_tag","embeddable":true,"href":"https:\/\/lahora.mx\/index.php\/wp-json\/wp\/v2\/tags?post=64185"}],"curies":[{"name":"wp","href":"https:\/\/api.w.org\/{rel}","templated":true}]}}