{"id":64182,"date":"2025-06-03T14:07:07","date_gmt":"2025-06-03T14:07:07","guid":{"rendered":"https:\/\/lahora.mx\/?p=64182"},"modified":"2025-06-26T14:09:45","modified_gmt":"2025-06-26T14:09:45","slug":"shamy-spezia-representa-a-huejotzingo-en-el-encunetro-estatal-de-sistemas-municipales-dif","status":"publish","type":"post","link":"https:\/\/lahora.mx\/index.php\/2025\/06\/03\/shamy-spezia-representa-a-huejotzingo-en-el-encunetro-estatal-de-sistemas-municipales-dif\/","title":{"rendered":"Shamy spezia representa a Huejotzingo en el encunetro estatal de sistemas municipales DIF"},"content":{"rendered":"\n<p>La Presidenta Honoraria del Sistema Municipal DIF de Huejotzingo (SMDIF), Shamy Spezia, particip\u00f3 activamente en el Encuentro Estatal de Presidentas y Presidentes de los Sistemas Municipales DIF, celebrado en la Junta Auxiliar de Metepec, Atlixco, encabezado por la Presidenta del Patronato del Sistema Estatal para el Desarrollo Integral de la Familia (SEDIF), Ceci Arellano.<\/p>\n\n\n\n<p>Este evento reuni\u00f3 a representantes de los 217 Municipios poblanos con el objetivo de fortalecer la colaboraci\u00f3n institucional y dise\u00f1ar estrategias para un mayor impacto social.<\/p>\n\n\n\n<p>Shamy Spezia destac\u00f3 al dar un discurso en representaci\u00f3n de las y los Presidentes Honorarios de los Sistemas Municipales DIF. En su mensaje, agradeci\u00f3 a Ceci Arellano y al Gobernador del Estado, Alejandro Armenta Mier, por sostener esta iniciativa que promueve el trabajo conjunto para atender a las familias m\u00e1s vulnerables, la cual se retom\u00f3 con \u00e9xito tras m\u00e1s de 15 a\u00f1os de no realizarse. Tambi\u00e9n, enfatiz\u00f3 la importancia de priorizar a las personas en las decisiones p\u00fablicas, un principio que gu\u00eda su labor en Huejotzingo.<\/p>\n\n\n\n<p>Comprometida con los valores del Humanismo Mexicano y la bio\u00e9tica social, Shamy Spezia reafirm\u00f3 su dedicaci\u00f3n para trabajar de la mano con el SEDIF, impulsando acciones que garanticen una atenci\u00f3n integral y cercana a las familias de su Municipio. Su participaci\u00f3n durante los tres d\u00edas del encuentro reflej\u00f3 el esfuerzo continuo del SMDIF de Huejotzingo por fortalecer el bienestar comunitario.<\/p>\n\n\n\n<p>Ceci Arellano reconoci\u00f3 el papel clave de los Municipios como el primer punto de contacto con la ciudadan\u00eda, destacando la labor de l\u00edderes como Shamy Spezia, cuya gesti\u00f3n fortalece el tejido social en Puebla. Este encuentro consolid\u00f3 alianzas y estrategias para seguir transformando vidas en todo el Estado.<\/p>\n","protected":false},"excerpt":{"rendered":"<p>La Presidenta Honoraria del Sistema Municipal DIF de Huejotzingo (SMDIF), Shamy Spezia, particip\u00f3 activamente en el Encuentro Estatal de Presidentas y Presidentes de los Sistemas Municipales DIF, celebrado en la Junta Auxiliar de Metepec, Atlixco, encabezado por la Presidenta del Patronato del Sistema Estatal para el Desarrollo Integral de la Familia (SEDIF), Ceci Arellano. Este [&hellip;]<\/p>\n","protected":false},"author":4,"featured_media":64183,"comment_status":"open","ping_status":"open","sticky":false,"template":"","format":"standard","meta":{"om_disable_all_campaigns":false,"_monsterinsights_skip_tracking":false,"_monsterinsights_sitenote_active":false,"_monsterinsights_sitenote_note":"","_monsterinsights_sitenote_category":0,"footnotes":""},"categories":[175],"tags":[],"class_list":["post-64182","post","type-post","status-publish","format-standard","has-post-thumbnail","hentry","category-local"],"amp_enabled":true,"_links":{"self":[{"href":"https:\/\/lahora.mx\/index.php\/wp-json\/wp\/v2\/posts\/64182","targetHints":{"allow":["GET"]}}],"collection":[{"href":"https:\/\/lahora.mx\/index.php\/wp-json\/wp\/v2\/posts"}],"about":[{"href":"https:\/\/lahora.mx\/index.php\/wp-json\/wp\/v2\/types\/post"}],"author":[{"embeddable":true,"href":"https:\/\/lahora.mx\/index.php\/wp-json\/wp\/v2\/users\/4"}],"replies":[{"embeddable":true,"href":"https:\/\/lahora.mx\/index.php\/wp-json\/wp\/v2\/comments?post=64182"}],"version-history":[{"count":1,"href":"https:\/\/lahora.mx\/index.php\/wp-json\/wp\/v2\/posts\/64182\/revisions"}],"predecessor-version":[{"id":64184,"href":"https:\/\/lahora.mx\/index.php\/wp-json\/wp\/v2\/posts\/64182\/revisions\/64184"}],"wp:featuredmedia":[{"embeddable":true,"href":"https:\/\/lahora.mx\/index.php\/wp-json\/wp\/v2\/media\/64183"}],"wp:attachment":[{"href":"https:\/\/lahora.mx\/index.php\/wp-json\/wp\/v2\/media?parent=64182"}],"wp:term":[{"taxonomy":"category","embeddable":true,"href":"https:\/\/lahora.mx\/index.php\/wp-json\/wp\/v2\/categories?post=64182"},{"taxonomy":"post_tag","embeddable":true,"href":"https:\/\/lahora.mx\/index.php\/wp-json\/wp\/v2\/tags?post=64182"}],"curies":[{"name":"wp","href":"https:\/\/api.w.org\/{rel}","templated":true}]}}