{"id":6418,"date":"2022-05-03T22:29:15","date_gmt":"2022-05-03T22:29:15","guid":{"rendered":"http:\/\/lahora.mx\/?p=6418"},"modified":"2022-05-03T22:29:16","modified_gmt":"2022-05-03T22:29:16","slug":"insiste-sobre-cobrar-derecho-de-alumbrado-publico-eduardo-rivera","status":"publish","type":"post","link":"https:\/\/lahora.mx\/index.php\/2022\/05\/03\/insiste-sobre-cobrar-derecho-de-alumbrado-publico-eduardo-rivera\/","title":{"rendered":"Insiste sobre cobrar Derecho de Alumbrado P\u00fablico; Eduardo Rivera"},"content":{"rendered":"\n<p>Ante la controversia del Derecho de Alumbrado P\u00fablico<strong>\u00a0(DAP) no se ha dejado de lado<\/strong>\u00a0y no se ceder\u00e1 en el tema,\u00a0<strong>asever\u00f3 el presidente municipal de Puebla, Eduardo Rivera P\u00e9rez,\u00a0<\/strong>quien expuso que no es un impuesto, sino algo necesario para la ciudadan\u00eda.<\/p>\n\n\n\n<p>El edil dijo que considera es un\u00a0<strong>derecho el poder cobrar este rubro<\/strong>, pues de acuerdo con la\u00a0<strong>Comisi\u00f3n Federal de Electricidad (CFE),\u00a0<\/strong>m\u00e1s de\u00a0<strong>mil 600 municipios cobran el DAP desde hace d\u00e9cadas,<\/strong>\u00a0incluso destac\u00f3 que son lugares gobernados por diferentes partidos.<br>Manifest\u00f3 que no tiene que ver con partidos pol\u00edticos, pues Morena, PAN, MC, PRI y dem\u00e1s son los que reciben ingresos del Derecho de Alumbrado P\u00fablico.<br><\/p>\n\n\n\n<p>As\u00ed pues que&nbsp;<strong>con esto es que se busca mejorar los servicios&nbsp;<\/strong>y por ende continuar\u00e1n peleando a trav\u00e9s de la v\u00eda legal para tener el rubro que no beneficia al gobierno municipal, sino a los poblanos.<\/p>\n\n\n\n<p>De igual manera, refiri\u00f3 que&nbsp;<strong>espera que se resuelva en este a\u00f1o,<\/strong>&nbsp;ya que, la Corte tiene espacios prolongados para la decisi\u00f3n, pero el plazo para \u00e9l como edil municipal es que se pueda resolver en este a\u00f1o.<\/p>\n","protected":false},"excerpt":{"rendered":"<p>Ante la controversia del Derecho de Alumbrado P\u00fablico\u00a0(DAP) no se ha dejado de lado\u00a0y no se ceder\u00e1 en el tema,\u00a0asever\u00f3 el presidente municipal de Puebla, Eduardo Rivera P\u00e9rez,\u00a0quien expuso que no es un impuesto, sino algo necesario para la ciudadan\u00eda. El edil dijo que considera es un\u00a0derecho el poder cobrar este rubro, pues de acuerdo [&hellip;]<\/p>\n","protected":false},"author":4,"featured_media":6419,"comment_status":"open","ping_status":"open","sticky":false,"template":"","format":"standard","meta":{"om_disable_all_campaigns":false,"_monsterinsights_skip_tracking":false,"_monsterinsights_sitenote_active":false,"_monsterinsights_sitenote_note":"","_monsterinsights_sitenote_category":0,"footnotes":""},"categories":[175],"tags":[195,223],"class_list":["post-6418","post","type-post","status-publish","format-standard","has-post-thumbnail","hentry","category-local","tag-principal","tag-puebla"],"amp_enabled":true,"_links":{"self":[{"href":"https:\/\/lahora.mx\/index.php\/wp-json\/wp\/v2\/posts\/6418","targetHints":{"allow":["GET"]}}],"collection":[{"href":"https:\/\/lahora.mx\/index.php\/wp-json\/wp\/v2\/posts"}],"about":[{"href":"https:\/\/lahora.mx\/index.php\/wp-json\/wp\/v2\/types\/post"}],"author":[{"embeddable":true,"href":"https:\/\/lahora.mx\/index.php\/wp-json\/wp\/v2\/users\/4"}],"replies":[{"embeddable":true,"href":"https:\/\/lahora.mx\/index.php\/wp-json\/wp\/v2\/comments?post=6418"}],"version-history":[{"count":1,"href":"https:\/\/lahora.mx\/index.php\/wp-json\/wp\/v2\/posts\/6418\/revisions"}],"predecessor-version":[{"id":6420,"href":"https:\/\/lahora.mx\/index.php\/wp-json\/wp\/v2\/posts\/6418\/revisions\/6420"}],"wp:featuredmedia":[{"embeddable":true,"href":"https:\/\/lahora.mx\/index.php\/wp-json\/wp\/v2\/media\/6419"}],"wp:attachment":[{"href":"https:\/\/lahora.mx\/index.php\/wp-json\/wp\/v2\/media?parent=6418"}],"wp:term":[{"taxonomy":"category","embeddable":true,"href":"https:\/\/lahora.mx\/index.php\/wp-json\/wp\/v2\/categories?post=6418"},{"taxonomy":"post_tag","embeddable":true,"href":"https:\/\/lahora.mx\/index.php\/wp-json\/wp\/v2\/tags?post=6418"}],"curies":[{"name":"wp","href":"https:\/\/api.w.org\/{rel}","templated":true}]}}