{"id":64179,"date":"2025-06-13T14:04:57","date_gmt":"2025-06-13T14:04:57","guid":{"rendered":"https:\/\/lahora.mx\/?p=64179"},"modified":"2025-06-26T14:06:57","modified_gmt":"2025-06-26T14:06:57","slug":"shamy-spezia-fortalece-la-inclusion-educativa-con-la-segunda-red-de-apoyo-psicopedagogico-en-huejotzingo","status":"publish","type":"post","link":"https:\/\/lahora.mx\/index.php\/2025\/06\/13\/shamy-spezia-fortalece-la-inclusion-educativa-con-la-segunda-red-de-apoyo-psicopedagogico-en-huejotzingo\/","title":{"rendered":"Shamy Spezia fortalece la inclusi\u00f3n educativa con la segunda red de apoyo psicopedag\u00f3gico en Huejotzingo"},"content":{"rendered":"\n<p>La Presidenta Honoraria del Sistema Municipal DIF de Huejotzingo (SMDIF), Shamy Spezia, encabez\u00f3 la Segunda Red de Apoyo Psicopedag\u00f3gico de Educaci\u00f3n Especial de la Zona 026, organizada por la Unidad de Servicios de Apoyo a la Educaci\u00f3n Regular (USAER) 139, en un esfuerzo por fortalecer la inclusi\u00f3n y el apoyo a estudiantes con necesidades educativas especiales.<\/p>\n\n\n\n<p>El evento reuni\u00f3 a familias, docentes y especialistas en un espacio de di\u00e1logo, sensibilizaci\u00f3n y reflexi\u00f3n, logrando consolidar una red de apoyo psicopedag\u00f3gico. Durante la jornada, madres y padres de familia compartieron testimonios sobre los retos de criar a un hijo con discapacidad, destacando las dificultades y el impacto emocional que esto representa.<\/p>\n\n\n\n<p>Tambi\u00e9n se abord\u00f3 el Trastorno por D\u00e9ficit de Atenci\u00f3n e Hiperactividad (TDAH), analizando las consecuencias del desconocimiento sobre este trastorno y el proceso para obtener un diagn\u00f3stico adecuado.<\/p>\n\n\n\n<p>Acompa\u00f1ada por la supervisora de zona, Beatriz Alda Becerra, y la directora del Centro de Atenci\u00f3n M\u00faltiple (CAM) \u00abFrancisco Dur\u00e1n\u00bb de Santa Ana Xalmimilulco, Laura Parra, la Presidenta Honoraria destac\u00f3 la importancia de la colaboraci\u00f3n entre el SMDIF, las instituciones educativas y la comunidad. El encuentro cont\u00f3 con la participaci\u00f3n activa del personal de Apoyo T\u00e9cnico y Psicopedag\u00f3gico de la USAER 026, as\u00ed como docentes y directores de las zonas 45, 109, 110 y 139 de educaci\u00f3n especial.<\/p>\n\n\n\n<p>Con esta iniciativa, Shamy Spezia y el Sistema Municipal DIF de Huejotzingo reafirmaron su compromiso con la inclusi\u00f3n, promoviendo espacios que fortalecen la atenci\u00f3n integral a estudiantes con necesidades educativas especiales y fomentan la colaboraci\u00f3n entre familias, educadores y autoridades.<\/p>\n","protected":false},"excerpt":{"rendered":"<p>La Presidenta Honoraria del Sistema Municipal DIF de Huejotzingo (SMDIF), Shamy Spezia, encabez\u00f3 la Segunda Red de Apoyo Psicopedag\u00f3gico de Educaci\u00f3n Especial de la Zona 026, organizada por la Unidad de Servicios de Apoyo a la Educaci\u00f3n Regular (USAER) 139, en un esfuerzo por fortalecer la inclusi\u00f3n y el apoyo a estudiantes con necesidades educativas [&hellip;]<\/p>\n","protected":false},"author":4,"featured_media":64180,"comment_status":"open","ping_status":"open","sticky":false,"template":"","format":"standard","meta":{"om_disable_all_campaigns":false,"_monsterinsights_skip_tracking":false,"_monsterinsights_sitenote_active":false,"_monsterinsights_sitenote_note":"","_monsterinsights_sitenote_category":0,"footnotes":""},"categories":[175],"tags":[],"class_list":["post-64179","post","type-post","status-publish","format-standard","has-post-thumbnail","hentry","category-local"],"amp_enabled":true,"_links":{"self":[{"href":"https:\/\/lahora.mx\/index.php\/wp-json\/wp\/v2\/posts\/64179","targetHints":{"allow":["GET"]}}],"collection":[{"href":"https:\/\/lahora.mx\/index.php\/wp-json\/wp\/v2\/posts"}],"about":[{"href":"https:\/\/lahora.mx\/index.php\/wp-json\/wp\/v2\/types\/post"}],"author":[{"embeddable":true,"href":"https:\/\/lahora.mx\/index.php\/wp-json\/wp\/v2\/users\/4"}],"replies":[{"embeddable":true,"href":"https:\/\/lahora.mx\/index.php\/wp-json\/wp\/v2\/comments?post=64179"}],"version-history":[{"count":1,"href":"https:\/\/lahora.mx\/index.php\/wp-json\/wp\/v2\/posts\/64179\/revisions"}],"predecessor-version":[{"id":64181,"href":"https:\/\/lahora.mx\/index.php\/wp-json\/wp\/v2\/posts\/64179\/revisions\/64181"}],"wp:featuredmedia":[{"embeddable":true,"href":"https:\/\/lahora.mx\/index.php\/wp-json\/wp\/v2\/media\/64180"}],"wp:attachment":[{"href":"https:\/\/lahora.mx\/index.php\/wp-json\/wp\/v2\/media?parent=64179"}],"wp:term":[{"taxonomy":"category","embeddable":true,"href":"https:\/\/lahora.mx\/index.php\/wp-json\/wp\/v2\/categories?post=64179"},{"taxonomy":"post_tag","embeddable":true,"href":"https:\/\/lahora.mx\/index.php\/wp-json\/wp\/v2\/tags?post=64179"}],"curies":[{"name":"wp","href":"https:\/\/api.w.org\/{rel}","templated":true}]}}