{"id":64175,"date":"2025-06-24T14:03:37","date_gmt":"2025-06-24T14:03:37","guid":{"rendered":"https:\/\/lahora.mx\/?p=64175"},"modified":"2025-06-26T14:04:39","modified_gmt":"2025-06-26T14:04:39","slug":"huejotzingo-avanza-en-salud-smdif-y-grupo-clinico-de-la-hoz-firman-convenio-para-analisis-de-bajo-costo","status":"publish","type":"post","link":"https:\/\/lahora.mx\/index.php\/2025\/06\/24\/huejotzingo-avanza-en-salud-smdif-y-grupo-clinico-de-la-hoz-firman-convenio-para-analisis-de-bajo-costo\/","title":{"rendered":"Huejotzingo Avanza en Salud: SMDIF y Grupo Cl\u00ednico de la Hoz Firman Convenio para An\u00e1lisis de Bajo Costo"},"content":{"rendered":"\n<p>En un paso significativo para mejorar la salud accesible en la regi\u00f3n, el Sistema Municipal DIF (SMDIF) de Huejotzingo y el Grupo Cl\u00ednico de la Hoz y Cristal han formalizado un convenio de colaboraci\u00f3n. Esta iniciativa, impulsada por la Presidenta Honoraria del SMDIF, Shamy Spezia, busca garantizar que los an\u00e1lisis cl\u00ednicos de calidad est\u00e9n al alcance de todos los ciudadanos, especialmente aquellos con mayores necesidades econ\u00f3micas en Huejotzingo y municipios colindantes.<\/p>\n\n\n\n<p>Comprar vitaminas y suplementos<br>El acuerdo fue suscrito por Shamy Spezia, Presidenta Honoraria del SMDIF; Roberto Sol\u00eds Valles, Presidente Municipal de Huejotzingo; y Alfredo Matamoros Castellanos, Administrador \u00danico del Grupo Cl\u00ednico de la Hoz y Cristal.<\/p>\n\n\n\n<p>Un Compromiso con el Bienestar Ciudadano<br>Durante la firma del convenio, Shamy Spezia expres\u00f3 su agradecimiento al Grupo Cl\u00ednico de la Hoz y Cristal por su compromiso y disposici\u00f3n. Destac\u00f3 la tecnolog\u00eda avanzada y el personal especializado de la instituci\u00f3n, asegurando que este convenio no solo beneficiar\u00e1 a Huejotzingo, sino tambi\u00e9n a las comunidades vecinas, gracias a la credibilidad y experiencia del Grupo Cl\u00ednico.<\/p>\n\n\n\n<p>Por su parte, el Presidente Municipal, Roberto Sol\u00eds Valles, reconoci\u00f3 la labor de la Presidenta Honoraria en la dignificaci\u00f3n del SMDIF y enfatiz\u00f3 la importancia de esta alianza. \u00abLa labor de un Gobierno es cambiar vidas, y eso precisamente es lo que estamos haciendo junto con Shamy\u00bb, afirm\u00f3 Sol\u00eds Valles, subrayando el impacto directo de esta iniciativa en el apoyo a las familias de Huejotzingo.<\/p>\n\n\n\n<p>An\u00e1lisis Cl\u00ednicos Accesibles a Partir de la Pr\u00f3xima Semana<br>A partir de la pr\u00f3xima semana, los an\u00e1lisis cl\u00ednicos a bajo costo estar\u00e1n disponibles para la ciudadan\u00eda. Los interesados podr\u00e1n agendar su cita y acudir a las instalaciones del SMDIF, ubicadas en Av. El Carmen #1606, Primer Barrio, de lunes a viernes.<\/p>\n\n\n\n<p>Esta colaboraci\u00f3n estrat\u00e9gica entre el SMDIF de Huejotzingo y el Grupo Cl\u00ednico de la Hoz y Cristal subraya el firme compromiso de las autoridades municipales por mejorar la calidad de vida de sus habitantes, asegurando que los servicios de salud sean no solo accesibles, sino tambi\u00e9n de excelencia. Esta es una noticia clave para quienes buscan servicios de salud econ\u00f3micos en Puebla.<\/p>\n","protected":false},"excerpt":{"rendered":"<p>En un paso significativo para mejorar la salud accesible en la regi\u00f3n, el Sistema Municipal DIF (SMDIF) de Huejotzingo y el Grupo Cl\u00ednico de la Hoz y Cristal han formalizado un convenio de colaboraci\u00f3n. Esta iniciativa, impulsada por la Presidenta Honoraria del SMDIF, Shamy Spezia, busca garantizar que los an\u00e1lisis cl\u00ednicos de calidad est\u00e9n al [&hellip;]<\/p>\n","protected":false},"author":4,"featured_media":64177,"comment_status":"open","ping_status":"open","sticky":false,"template":"","format":"standard","meta":{"om_disable_all_campaigns":false,"_monsterinsights_skip_tracking":false,"_monsterinsights_sitenote_active":false,"_monsterinsights_sitenote_note":"","_monsterinsights_sitenote_category":0,"footnotes":""},"categories":[175],"tags":[223],"class_list":["post-64175","post","type-post","status-publish","format-standard","has-post-thumbnail","hentry","category-local","tag-puebla"],"amp_enabled":true,"_links":{"self":[{"href":"https:\/\/lahora.mx\/index.php\/wp-json\/wp\/v2\/posts\/64175","targetHints":{"allow":["GET"]}}],"collection":[{"href":"https:\/\/lahora.mx\/index.php\/wp-json\/wp\/v2\/posts"}],"about":[{"href":"https:\/\/lahora.mx\/index.php\/wp-json\/wp\/v2\/types\/post"}],"author":[{"embeddable":true,"href":"https:\/\/lahora.mx\/index.php\/wp-json\/wp\/v2\/users\/4"}],"replies":[{"embeddable":true,"href":"https:\/\/lahora.mx\/index.php\/wp-json\/wp\/v2\/comments?post=64175"}],"version-history":[{"count":1,"href":"https:\/\/lahora.mx\/index.php\/wp-json\/wp\/v2\/posts\/64175\/revisions"}],"predecessor-version":[{"id":64178,"href":"https:\/\/lahora.mx\/index.php\/wp-json\/wp\/v2\/posts\/64175\/revisions\/64178"}],"wp:featuredmedia":[{"embeddable":true,"href":"https:\/\/lahora.mx\/index.php\/wp-json\/wp\/v2\/media\/64177"}],"wp:attachment":[{"href":"https:\/\/lahora.mx\/index.php\/wp-json\/wp\/v2\/media?parent=64175"}],"wp:term":[{"taxonomy":"category","embeddable":true,"href":"https:\/\/lahora.mx\/index.php\/wp-json\/wp\/v2\/categories?post=64175"},{"taxonomy":"post_tag","embeddable":true,"href":"https:\/\/lahora.mx\/index.php\/wp-json\/wp\/v2\/tags?post=64175"}],"curies":[{"name":"wp","href":"https:\/\/api.w.org\/{rel}","templated":true}]}}