{"id":64170,"date":"2025-06-23T14:01:22","date_gmt":"2025-06-23T14:01:22","guid":{"rendered":"https:\/\/lahora.mx\/?p=64170"},"modified":"2025-06-26T14:03:27","modified_gmt":"2025-06-26T14:03:27","slug":"alcalde-roberto-solis-lidera-jornada-de-coloreando-la-educacion-en-cecyte-huejotzingo","status":"publish","type":"post","link":"https:\/\/lahora.mx\/index.php\/2025\/06\/23\/alcalde-roberto-solis-lidera-jornada-de-coloreando-la-educacion-en-cecyte-huejotzingo\/","title":{"rendered":"Alcalde Roberto Sol\u00eds Lidera Jornada de \u00abColoreando la Educaci\u00f3n\u00bb en CECyTE Huejotzingo"},"content":{"rendered":"\n<p>El compromiso con la educaci\u00f3n y el bienestar de la juventud huejotzinga qued\u00f3 de manifiesto este lunes, con la participaci\u00f3n del presidente municipal Roberto Sol\u00eds Valles en una vibrante jornada del programa \u00abColoreando la Educaci\u00f3n\u00bb en el Colegio de Estudios Cient\u00edficos y Tecnol\u00f3gicos del Estado de Puebla (CECyTE) de Huejotzingo. La iniciativa busca transformar y embellecer los planteles educativos, brindando a los estudiantes espacios dignos y motivadores para su aprendizaje.Mejores cursos online <\/p>\n\n\n\n<p><br>A trav\u00e9s de sus redes sociales, el edil comparti\u00f3 su entusiasmo por la jornada, destacando el impacto positivo del programa. \u00abHoy nos fuimos a echar la pintada con el programa Coloreando la Educaci\u00f3n en el CECyTE\u2026 \u00a1y la neta, qu\u00e9 chulada de jornada!\u00bb, expres\u00f3 Sol\u00eds Valles, visiblemente satisfecho con los resultados.<\/p>\n\n\n\n<p>El programa \u00abColoreando la Educaci\u00f3n\u00bb ha logrado que cada vez m\u00e1s escuelas en el municipio presenten una imagen renovada y atractiva, algo que, seg\u00fan el alcalde, \u00abnos llena el coraz\u00f3n\u00bb. Esta labor se enfoca en los ni\u00f1os y j\u00f3venes de Huejotzingo, a quienes considera \u00abnuestro futuro\u00bb, y por quienes es un \u00abverdadero honor\u00bb trabajar.<\/p>\n\n\n\n<p>Mejores cursos online<br>Educaci\u00f3n Integral: M\u00e1s All\u00e1 de las Aulas<br>El Presidente Municipal subray\u00f3 la importancia de la infraestructura escolar en el proceso educativo. \u00abLe estamos echando todas las ganas para que sus escuelas queden bien chulas, dignas y listas para que aprendan a gusto\u00bb, afirm\u00f3.<\/p>\n\n\n\n<p>Sol\u00eds Valles enfatiz\u00f3 que la educaci\u00f3n va m\u00e1s all\u00e1 de contar con buenos maestros y un sistema robusto; tambi\u00e9n se trata de proporcionar entornos adecuados donde los alumnos puedan desarrollarse plenamente. \u00abPorque la educaci\u00f3n no solo es tener buenos maestros y buen sistema\u2026 tambi\u00e9n se trata de tener espacios dignos donde los ni\u00f1os puedan crecer, so\u00f1ar y echarle ganas\u00bb, puntualiz\u00f3.<\/p>\n\n\n\n<p><br>El \u00e9xito de la jornada en el CECyTE Huejotzingo fue posible gracias a la colaboraci\u00f3n y el trabajo en equipo. El alcalde extendi\u00f3 su agradecimiento a la directora general, Virginia Melgarejo, por su total disposici\u00f3n y compromiso con el programa.<\/p>\n\n\n\n<p>La continuidad de \u00abColoreando la Educaci\u00f3n\u00bb reafirma el compromiso de la administraci\u00f3n municipal de Huejotzingo con la mejora de la infraestructura educativa, reconociendo que los espacios dignos son fundamentales para fomentar un ambiente propicio para el aprendizaje y el desarrollo integral de las nuevas generaciones.<\/p>\n","protected":false},"excerpt":{"rendered":"<p>El compromiso con la educaci\u00f3n y el bienestar de la juventud huejotzinga qued\u00f3 de manifiesto este lunes, con la participaci\u00f3n del presidente municipal Roberto Sol\u00eds Valles en una vibrante jornada del programa \u00abColoreando la Educaci\u00f3n\u00bb en el Colegio de Estudios Cient\u00edficos y Tecnol\u00f3gicos del Estado de Puebla (CECyTE) de Huejotzingo. La iniciativa busca transformar y [&hellip;]<\/p>\n","protected":false},"author":4,"featured_media":64171,"comment_status":"open","ping_status":"open","sticky":false,"template":"","format":"standard","meta":{"om_disable_all_campaigns":false,"_monsterinsights_skip_tracking":false,"_monsterinsights_sitenote_active":false,"_monsterinsights_sitenote_note":"","_monsterinsights_sitenote_category":0,"footnotes":""},"categories":[175],"tags":[223],"class_list":["post-64170","post","type-post","status-publish","format-standard","has-post-thumbnail","hentry","category-local","tag-puebla"],"amp_enabled":true,"_links":{"self":[{"href":"https:\/\/lahora.mx\/index.php\/wp-json\/wp\/v2\/posts\/64170","targetHints":{"allow":["GET"]}}],"collection":[{"href":"https:\/\/lahora.mx\/index.php\/wp-json\/wp\/v2\/posts"}],"about":[{"href":"https:\/\/lahora.mx\/index.php\/wp-json\/wp\/v2\/types\/post"}],"author":[{"embeddable":true,"href":"https:\/\/lahora.mx\/index.php\/wp-json\/wp\/v2\/users\/4"}],"replies":[{"embeddable":true,"href":"https:\/\/lahora.mx\/index.php\/wp-json\/wp\/v2\/comments?post=64170"}],"version-history":[{"count":2,"href":"https:\/\/lahora.mx\/index.php\/wp-json\/wp\/v2\/posts\/64170\/revisions"}],"predecessor-version":[{"id":64174,"href":"https:\/\/lahora.mx\/index.php\/wp-json\/wp\/v2\/posts\/64170\/revisions\/64174"}],"wp:featuredmedia":[{"embeddable":true,"href":"https:\/\/lahora.mx\/index.php\/wp-json\/wp\/v2\/media\/64171"}],"wp:attachment":[{"href":"https:\/\/lahora.mx\/index.php\/wp-json\/wp\/v2\/media?parent=64170"}],"wp:term":[{"taxonomy":"category","embeddable":true,"href":"https:\/\/lahora.mx\/index.php\/wp-json\/wp\/v2\/categories?post=64170"},{"taxonomy":"post_tag","embeddable":true,"href":"https:\/\/lahora.mx\/index.php\/wp-json\/wp\/v2\/tags?post=64170"}],"curies":[{"name":"wp","href":"https:\/\/api.w.org\/{rel}","templated":true}]}}