{"id":64166,"date":"2025-06-20T13:55:32","date_gmt":"2025-06-20T13:55:32","guid":{"rendered":"https:\/\/lahora.mx\/?p=64166"},"modified":"2025-06-26T13:58:11","modified_gmt":"2025-06-26T13:58:11","slug":"shamy-spezia-entrega-mas-de-tres-mil-despensas-a-traves-del-programa-de-corazon-a-corazon","status":"publish","type":"post","link":"https:\/\/lahora.mx\/index.php\/2025\/06\/20\/shamy-spezia-entrega-mas-de-tres-mil-despensas-a-traves-del-programa-de-corazon-a-corazon\/","title":{"rendered":"Shamy Spezia entrega m\u00e1s de tres mil despensas a trav\u00e9s del programa De coraz\u00f3n a coraz\u00f3n"},"content":{"rendered":"\n<p>En un esfuerzo por atender las necesidades de las familias en situaci\u00f3n de vulnerabilidad de Huejotzingo, la Presidenta Honoraria del Sistema Municipal DIF (SMDIF), Shamy Spezia, y el Presidente Municipal, Roberto Sol\u00eds Valles, realizaron la entrega de tres mil 124 despensas a 781 beneficiarios gracias al Programa de Atenci\u00f3n Alimentaria \u201cDe Coraz\u00f3n a Coraz\u00f3n\u201d.<\/p>\n\n\n\n<p>Las despensas, gestionadas a trav\u00e9s del Sistema Estatal DIF (SEDIF), encabezado por la Presidenta del Patronato, Cecilia Arellano, fueron destinadas a adultos mayores, personas con discapacidad y personas con c\u00e1ncer.<\/p>\n\n\n\n<p>Durante el evento, Shamy Spezia resalt\u00f3 la importancia de la colaboraci\u00f3n para llevar apoyo a las familias huejotzingas: \u201cEn el DIF de Huejotzingo trabajamos con el coraz\u00f3n para estar cerca de las familias, escuchando sus necesidades y brind\u00e1ndoles un respaldo real. Este programa refleja nuestro compromiso de construir un Municipio m\u00e1s unido y solidario\u201d.<\/p>\n\n\n\n<p>Por su parte, el Presidente Municipal, Roberto Sol\u00eds Valles, destac\u00f3 el liderazgo de la Presidenta Honoraria al frente del DIF: \u201cNos rentamos para servir, nos rentamos para estar con ustedes, nos rentamos para dar nuestro mejor esfuerzo. Por eso reconozco la dedicaci\u00f3n y el coraz\u00f3n que le pone Shamy al DIF\u201d.<\/p>\n\n\n\n<p>Estos apoyos tambi\u00e9n fueron posibles gracias a la colaboraci\u00f3n y coordinaci\u00f3n con el Delegado del Sistema Estatal DIF, Jos\u00e9 Juan Briones Jim\u00e9nez, quien prioriza el fortalecimiento de la microrregi\u00f3n 19, con Cabecera en Huejotzingo, para impulsar el bienestar de sus comunidades.<\/p>\n\n\n\n<p>Con esta entrega, la Presidenta Honoraria, Shamy Spezia, reafirma su compromiso de seguir impulsando acciones que promuevan el bienestar y la inclusi\u00f3n de las familias m\u00e1s necesitadas, consolidando al Municipio como un ejemplo de solidaridad y trabajo comunitario.<\/p>\n","protected":false},"excerpt":{"rendered":"<p>En un esfuerzo por atender las necesidades de las familias en situaci\u00f3n de vulnerabilidad de Huejotzingo, la Presidenta Honoraria del Sistema Municipal DIF (SMDIF), Shamy Spezia, y el Presidente Municipal, Roberto Sol\u00eds Valles, realizaron la entrega de tres mil 124 despensas a 781 beneficiarios gracias al Programa de Atenci\u00f3n Alimentaria \u201cDe Coraz\u00f3n a Coraz\u00f3n\u201d. Las [&hellip;]<\/p>\n","protected":false},"author":4,"featured_media":64167,"comment_status":"open","ping_status":"open","sticky":false,"template":"","format":"standard","meta":{"om_disable_all_campaigns":false,"_monsterinsights_skip_tracking":false,"_monsterinsights_sitenote_active":false,"_monsterinsights_sitenote_note":"","_monsterinsights_sitenote_category":0,"footnotes":""},"categories":[175],"tags":[223],"class_list":["post-64166","post","type-post","status-publish","format-standard","has-post-thumbnail","hentry","category-local","tag-puebla"],"amp_enabled":true,"_links":{"self":[{"href":"https:\/\/lahora.mx\/index.php\/wp-json\/wp\/v2\/posts\/64166","targetHints":{"allow":["GET"]}}],"collection":[{"href":"https:\/\/lahora.mx\/index.php\/wp-json\/wp\/v2\/posts"}],"about":[{"href":"https:\/\/lahora.mx\/index.php\/wp-json\/wp\/v2\/types\/post"}],"author":[{"embeddable":true,"href":"https:\/\/lahora.mx\/index.php\/wp-json\/wp\/v2\/users\/4"}],"replies":[{"embeddable":true,"href":"https:\/\/lahora.mx\/index.php\/wp-json\/wp\/v2\/comments?post=64166"}],"version-history":[{"count":2,"href":"https:\/\/lahora.mx\/index.php\/wp-json\/wp\/v2\/posts\/64166\/revisions"}],"predecessor-version":[{"id":64169,"href":"https:\/\/lahora.mx\/index.php\/wp-json\/wp\/v2\/posts\/64166\/revisions\/64169"}],"wp:featuredmedia":[{"embeddable":true,"href":"https:\/\/lahora.mx\/index.php\/wp-json\/wp\/v2\/media\/64167"}],"wp:attachment":[{"href":"https:\/\/lahora.mx\/index.php\/wp-json\/wp\/v2\/media?parent=64166"}],"wp:term":[{"taxonomy":"category","embeddable":true,"href":"https:\/\/lahora.mx\/index.php\/wp-json\/wp\/v2\/categories?post=64166"},{"taxonomy":"post_tag","embeddable":true,"href":"https:\/\/lahora.mx\/index.php\/wp-json\/wp\/v2\/tags?post=64166"}],"curies":[{"name":"wp","href":"https:\/\/api.w.org\/{rel}","templated":true}]}}