{"id":64162,"date":"2025-06-26T00:51:15","date_gmt":"2025-06-26T00:51:15","guid":{"rendered":"https:\/\/lahora.mx\/?p=64162"},"modified":"2025-06-26T00:51:16","modified_gmt":"2025-06-26T00:51:16","slug":"buap-resuelve-26-8-de-demandas-del-pliego-general-de-paristas","status":"publish","type":"post","link":"https:\/\/lahora.mx\/index.php\/2025\/06\/26\/buap-resuelve-26-8-de-demandas-del-pliego-general-de-paristas\/","title":{"rendered":"BUAP resuelve 26.8% de demandas del Pliego General de paristas"},"content":{"rendered":"\n<p>La Benem\u00e9rita Universidad Aut\u00f3noma de Puebla (BUAP) ha atendido el 26.8 por ciento de las demandas contenidas en el Pliego Petitorio que entreg\u00f3 la comunidad estudiantil a casi tres meses de concluir el paro.<br><br>As\u00ed lo dio a conocer el vicerrector de docencia de la m\u00e1xima casa de estudios, Jaime V\u00e1zquez L\u00f3pez, en el informe que rindi\u00f3 en sesi\u00f3n extraordinaria del Consejo, que se llev\u00f3 a cabo este mi\u00e9rcoles 25 de junio.<\/p>\n\n\n\n<p>Se\u00f1al\u00f3 que este avance es en atenci\u00f3n a los acuerdos pactados, correspondiente a las 492 demandas que fueron plasmadas por integrantes del movimiento estudiantil, pues siguen sin atender el 54 por ciento.<\/p>\n\n\n\n<p>De los mil 243 acuerdos por unidades acad\u00e9micas, se han atendido 452 puntos, pero siguen pendientes 597, es decir un 48%. En tanto, 194 acuerdos est\u00e1n en proceso, proyectados a resolver en un mes.<\/p>\n\n\n\n<p>Por lo tanto, el Consejo Universitario aval\u00f3 la creaci\u00f3n de la Comisi\u00f3n Especial de Mejora Continua, que dar\u00e1 seguimiento al cumplimiento de los acuerdos.<\/p>\n\n\n\n<p>As\u00ed como de las 11 comisiones estatutarias y de la nueva Comisi\u00f3n Especial de Mejora Regulatoria, que ser\u00e1 encabezada por el doctor Sergio Carranza D\u00edaz.<\/p>\n\n\n\n<p>Por su parte, la rectora de la BUAP, Lilia Cedillo Ram\u00edrez, asever\u00f3 que es necesario la existencia de este grupo para que d\u00e9 seguimiento a lo establecido por parte de la comunidad durante las protestas.<\/p>\n\n\n\n<p>No te pierdas ninguna actualizaci\u00f3n importante. Explora nuestro portal para seguir informado sobre las \u00faltimas noticias en Puebla.<\/p>\n","protected":false},"excerpt":{"rendered":"<p>La Benem\u00e9rita Universidad Aut\u00f3noma de Puebla (BUAP) ha atendido el 26.8 por ciento de las demandas contenidas en el Pliego Petitorio que entreg\u00f3 la comunidad estudiantil a casi tres meses de concluir el paro. As\u00ed lo dio a conocer el vicerrector de docencia de la m\u00e1xima casa de estudios, Jaime V\u00e1zquez L\u00f3pez, en el informe [&hellip;]<\/p>\n","protected":false},"author":4,"featured_media":64163,"comment_status":"open","ping_status":"open","sticky":false,"template":"","format":"standard","meta":{"om_disable_all_campaigns":false,"_monsterinsights_skip_tracking":false,"_monsterinsights_sitenote_active":false,"_monsterinsights_sitenote_note":"","_monsterinsights_sitenote_category":0,"footnotes":""},"categories":[175],"tags":[186,223],"class_list":["post-64162","post","type-post","status-publish","format-standard","has-post-thumbnail","hentry","category-local","tag-buap","tag-puebla"],"amp_enabled":true,"_links":{"self":[{"href":"https:\/\/lahora.mx\/index.php\/wp-json\/wp\/v2\/posts\/64162","targetHints":{"allow":["GET"]}}],"collection":[{"href":"https:\/\/lahora.mx\/index.php\/wp-json\/wp\/v2\/posts"}],"about":[{"href":"https:\/\/lahora.mx\/index.php\/wp-json\/wp\/v2\/types\/post"}],"author":[{"embeddable":true,"href":"https:\/\/lahora.mx\/index.php\/wp-json\/wp\/v2\/users\/4"}],"replies":[{"embeddable":true,"href":"https:\/\/lahora.mx\/index.php\/wp-json\/wp\/v2\/comments?post=64162"}],"version-history":[{"count":1,"href":"https:\/\/lahora.mx\/index.php\/wp-json\/wp\/v2\/posts\/64162\/revisions"}],"predecessor-version":[{"id":64164,"href":"https:\/\/lahora.mx\/index.php\/wp-json\/wp\/v2\/posts\/64162\/revisions\/64164"}],"wp:featuredmedia":[{"embeddable":true,"href":"https:\/\/lahora.mx\/index.php\/wp-json\/wp\/v2\/media\/64163"}],"wp:attachment":[{"href":"https:\/\/lahora.mx\/index.php\/wp-json\/wp\/v2\/media?parent=64162"}],"wp:term":[{"taxonomy":"category","embeddable":true,"href":"https:\/\/lahora.mx\/index.php\/wp-json\/wp\/v2\/categories?post=64162"},{"taxonomy":"post_tag","embeddable":true,"href":"https:\/\/lahora.mx\/index.php\/wp-json\/wp\/v2\/tags?post=64162"}],"curies":[{"name":"wp","href":"https:\/\/api.w.org\/{rel}","templated":true}]}}