{"id":64159,"date":"2025-06-26T00:50:20","date_gmt":"2025-06-26T00:50:20","guid":{"rendered":"https:\/\/lahora.mx\/?p=64159"},"modified":"2025-06-26T00:50:21","modified_gmt":"2025-06-26T00:50:21","slug":"pepe-chedraui-presenta-puebla-suena-2025-postales-sonoras-del-centro-historico","status":"publish","type":"post","link":"https:\/\/lahora.mx\/index.php\/2025\/06\/26\/pepe-chedraui-presenta-puebla-suena-2025-postales-sonoras-del-centro-historico\/","title":{"rendered":"Pepe Chedraui presenta Puebla Suena 2025, Postales Sonoras del Centro Hist\u00f3rico"},"content":{"rendered":"\n<p>El presidente municipal de Puebla, Jos\u00e9 Chedraui Budib; y Francisco Javier Rivas director de la Fonoteca Nacional; presentaron la convocatoria \u00abPuebla Suena 2025, Postales Sonoras del Centro Hist\u00f3rico\u00bb.<br><br>Durante una rueda de prensa, \u201cPepe\u201d Chedraui dio a conocer que dicha convocatoria consta en que la ciudadan\u00eda grabe y comparta sonidos del Centro Hist\u00f3rico, la cual estar\u00e1 abierta del 26 de junio al 28 de septiembre.<\/p>\n\n\n\n<p>\u201cEs una iniciativa que invita a la ciudadan\u00eda a registrar y compartir los sonidos del Centro Hist\u00f3rico como postales sonoras que den vida y sentido a la identidad de nuestra ciudad\u201d, declar\u00f3 el edil de Puebla.<\/p>\n\n\n\n<p>Es as\u00ed que dicho proyecto se desarrolla en coordinaci\u00f3n entre la Gerencia del Centro Hist\u00f3rico y Patrimonio Cultural con la Secretar\u00eda de Cultura del Estado de Puebla y la Fonoteca Nacional de la Secretar\u00eda de Cultura del Gobierno de M\u00e9xico, como parte de una estrategia para rescatar, conservar y compartir expresiones sonoras que forman parte del patrimonio intangible de Puebla.<\/p>\n\n\n\n<p>El presidente municipal destac\u00f3 que esta convocatoria permite preservar la identidad cultural que distingue a la capital poblana, as\u00ed como la din\u00e1mica urbana de la ciudad, al capturar sonidos que reflejan su historia, tradiciones y vida cotidiana.<\/p>\n\n\n\n<p>La convocatoria estar\u00e1 abierta del 26 de junio al 28 de septiembre de 2025. Las personas interesadas podr\u00e1n participar grabando sonidos representativos como oficios tradicionales, sonidos cotidianos, calles y mercados, entre otros que forman parte del entorno sonoro e identidad colectiva de la ciudad. Las bases est\u00e1n disponibles en https:\/\/centrohistorico.pueblacapital.gob.mx y en los canales oficiales del ayuntamiento, la Secretar\u00eda de Cultura estatal y la Fonoteca Nacional.<\/p>\n\n\n\n<p>El Mapa Sonoro de M\u00e9xico es una plataforma digital desarrollada por la Fonoteca Nacional que re\u00fane grabaciones de campo representativas de las distintas regiones del pa\u00eds. Este archivo colectivo permite explorar sonidos geolocalizados, fomentando una comunidad de escucha activa que valora las identidades ac\u00fasticas y culturales de cada territorio. Puede consultarse en mapasonoro.cultura.gob.mx.<\/p>\n","protected":false},"excerpt":{"rendered":"<p>El presidente municipal de Puebla, Jos\u00e9 Chedraui Budib; y Francisco Javier Rivas director de la Fonoteca Nacional; presentaron la convocatoria \u00abPuebla Suena 2025, Postales Sonoras del Centro Hist\u00f3rico\u00bb. Durante una rueda de prensa, \u201cPepe\u201d Chedraui dio a conocer que dicha convocatoria consta en que la ciudadan\u00eda grabe y comparta sonidos del Centro Hist\u00f3rico, la cual [&hellip;]<\/p>\n","protected":false},"author":4,"featured_media":64160,"comment_status":"open","ping_status":"open","sticky":false,"template":"","format":"standard","meta":{"om_disable_all_campaigns":false,"_monsterinsights_skip_tracking":false,"_monsterinsights_sitenote_active":false,"_monsterinsights_sitenote_note":"","_monsterinsights_sitenote_category":0,"footnotes":""},"categories":[175],"tags":[223],"class_list":["post-64159","post","type-post","status-publish","format-standard","has-post-thumbnail","hentry","category-local","tag-puebla"],"amp_enabled":true,"_links":{"self":[{"href":"https:\/\/lahora.mx\/index.php\/wp-json\/wp\/v2\/posts\/64159","targetHints":{"allow":["GET"]}}],"collection":[{"href":"https:\/\/lahora.mx\/index.php\/wp-json\/wp\/v2\/posts"}],"about":[{"href":"https:\/\/lahora.mx\/index.php\/wp-json\/wp\/v2\/types\/post"}],"author":[{"embeddable":true,"href":"https:\/\/lahora.mx\/index.php\/wp-json\/wp\/v2\/users\/4"}],"replies":[{"embeddable":true,"href":"https:\/\/lahora.mx\/index.php\/wp-json\/wp\/v2\/comments?post=64159"}],"version-history":[{"count":1,"href":"https:\/\/lahora.mx\/index.php\/wp-json\/wp\/v2\/posts\/64159\/revisions"}],"predecessor-version":[{"id":64161,"href":"https:\/\/lahora.mx\/index.php\/wp-json\/wp\/v2\/posts\/64159\/revisions\/64161"}],"wp:featuredmedia":[{"embeddable":true,"href":"https:\/\/lahora.mx\/index.php\/wp-json\/wp\/v2\/media\/64160"}],"wp:attachment":[{"href":"https:\/\/lahora.mx\/index.php\/wp-json\/wp\/v2\/media?parent=64159"}],"wp:term":[{"taxonomy":"category","embeddable":true,"href":"https:\/\/lahora.mx\/index.php\/wp-json\/wp\/v2\/categories?post=64159"},{"taxonomy":"post_tag","embeddable":true,"href":"https:\/\/lahora.mx\/index.php\/wp-json\/wp\/v2\/tags?post=64159"}],"curies":[{"name":"wp","href":"https:\/\/api.w.org\/{rel}","templated":true}]}}