{"id":64156,"date":"2025-06-26T00:49:29","date_gmt":"2025-06-26T00:49:29","guid":{"rendered":"https:\/\/lahora.mx\/?p=64156"},"modified":"2025-06-26T00:49:29","modified_gmt":"2025-06-26T00:49:29","slug":"gobierno-de-puebla-confirma-cancelacion-de-mega-deuda-del-museo-barroco","status":"publish","type":"post","link":"https:\/\/lahora.mx\/index.php\/2025\/06\/26\/gobierno-de-puebla-confirma-cancelacion-de-mega-deuda-del-museo-barroco\/","title":{"rendered":"Gobierno de Puebla confirma cancelaci\u00f3n de mega deuda del Museo Barroco"},"content":{"rendered":"\n<p>El Gobierno de Puebla encabezado por Alejandro Armenta expuso los compromisos cumplidos de su administraci\u00f3n: la terminaci\u00f3n anticipada de la deuda generada por el contrato de Asociaci\u00f3n P\u00fablico-Privada (APP), del Museo Internacional Barroco y el lanzamiento oficial del caf\u00e9 soluble de alta calidad \u201cPuebla Cinco de Mayo\u201d, elaborado por productores de pueblos originarios del estado.<br><br>Desde la Oficina de Representaci\u00f3n del Gobierno de Puebla en la capital del pa\u00eds, el mandatario estatal inform\u00f3 que, gracias a una estrategia financiera, jur\u00eddica y administrativa, se logr\u00f3 dar por terminado un contrato que compromet\u00eda al estado hasta el a\u00f1o 2039 con una deuda que superaba los 10 mil millones de pesos y se acord\u00f3 un pago \u00fanico de 2 mil millones, con lo que se logr\u00f3 un ahorro de 8 mil millones de pesos para las y los poblanos.<\/p>\n\n\n\n<p>\u201cEste contrato representaba una deuda monstruosa, un saqueo institucionalizado que hipotecaba el futuro de Puebla. Hoy cumplimos con el mandato de nuestro pueblo: pusimos orden, acabamos con la simulaci\u00f3n y recuperamos lo que por justicia le pertenece a Puebla\u201d, declar\u00f3 Armenta.<\/p>\n\n\n\n<p>El gobernador subray\u00f3 que el ahorro logrado con la cancelaci\u00f3n de esta deuda se invertir\u00e1 en proyectos productivos, energ\u00edas limpias, escuelas sin electricidad y sistemas agr\u00edcolas m\u00e1s eficientes. Anunci\u00f3 tambi\u00e9n la primera f\u00e1brica de paneles solares en el estado, y la participaci\u00f3n de Puebla en proyectos cient\u00edficos nacionales como el telescopio m\u00e1s grande de M\u00e9xico.<\/p>\n\n\n\n<p>\u201cCuando se administra con honestidad y visi\u00f3n, los recursos alcanzan para transformar realidades. Puebla no solo es seguridad o deporte, tambi\u00e9n es cultura, campo e innovaci\u00f3n. Vamos a convertirnos en el Silicon Valley del sureste, con dignidad y sin endeudar al estado\u201d, concluy\u00f3 el mandatario Alejandro Armenta.<\/p>\n\n\n\n<p>Por su parte, el subsecretario de Egresos, V\u00edctor Hugo Dom\u00ednguez Amado, detall\u00f3 que el contrato original, firmado en 2014, contemplaba pagos anuales de m\u00e1s de 300 millones de pesos que se incrementaban a\u00f1o con a\u00f1o. En 2025, la cifra presupuestada era de 523 millones, mientras que el museo s\u00f3lo recibi\u00f3 14 mil visitantes en el \u00faltimo a\u00f1o, muy por debajo de los 700 mil prometidos. Adem\u00e1s, se confirm\u00f3 que, a partir de ahora, el Museo Barroco es propiedad del pueblo de Puebla, lo que no suced\u00eda bajo el esquema anterior.<\/p>\n\n\n\n<p>En el mismo evento, la secretaria de Agricultura y Desarrollo Rural, Ana Laura Altamirano, present\u00f3 el Caf\u00e9 Soluble \u201cPuebla Cinco de Mayo\u201d, elaborado con caf\u00e9 ar\u00e1biga producido en las sierras Norte, Negra y Nororiental de Puebla, donde el 70 por ciento de los productores son ind\u00edgenas y mujeres. Este proyecto busca romper con la dependencia de las grandes transnacionales, lo que posicionar\u00e1 a Puebla como un referente nacional e internacional en la producci\u00f3n de caf\u00e9 de alta calidad. Para ello, se destinaron 110 millones de pesos para fortalecer esta cadena productiva, como parte de una inversi\u00f3n estatal r\u00e9cord de mil 634 millones en el sector agr\u00edcola.<\/p>\n\n\n\n<p>\u201cHoy dejamos de vender solo grano y apostamos por el valor agregado. El caf\u00e9 \u201cPuebla Cinco de Mayo\u201d, es la oportunidad de llevar el coraz\u00f3n de nuestras monta\u00f1as a cada hogar, con justicia y dignidad para quienes lo cultivan\u201d, afirm\u00f3 la funcionaria estatal.<\/p>\n","protected":false},"excerpt":{"rendered":"<p>El Gobierno de Puebla encabezado por Alejandro Armenta expuso los compromisos cumplidos de su administraci\u00f3n: la terminaci\u00f3n anticipada de la deuda generada por el contrato de Asociaci\u00f3n P\u00fablico-Privada (APP), del Museo Internacional Barroco y el lanzamiento oficial del caf\u00e9 soluble de alta calidad \u201cPuebla Cinco de Mayo\u201d, elaborado por productores de pueblos originarios del estado. [&hellip;]<\/p>\n","protected":false},"author":4,"featured_media":64157,"comment_status":"open","ping_status":"open","sticky":false,"template":"","format":"standard","meta":{"om_disable_all_campaigns":false,"_monsterinsights_skip_tracking":false,"_monsterinsights_sitenote_active":false,"_monsterinsights_sitenote_note":"","_monsterinsights_sitenote_category":0,"footnotes":""},"categories":[175],"tags":[239,195,223],"class_list":["post-64156","post","type-post","status-publish","format-standard","has-post-thumbnail","hentry","category-local","tag-gobierno","tag-principal","tag-puebla"],"amp_enabled":true,"_links":{"self":[{"href":"https:\/\/lahora.mx\/index.php\/wp-json\/wp\/v2\/posts\/64156","targetHints":{"allow":["GET"]}}],"collection":[{"href":"https:\/\/lahora.mx\/index.php\/wp-json\/wp\/v2\/posts"}],"about":[{"href":"https:\/\/lahora.mx\/index.php\/wp-json\/wp\/v2\/types\/post"}],"author":[{"embeddable":true,"href":"https:\/\/lahora.mx\/index.php\/wp-json\/wp\/v2\/users\/4"}],"replies":[{"embeddable":true,"href":"https:\/\/lahora.mx\/index.php\/wp-json\/wp\/v2\/comments?post=64156"}],"version-history":[{"count":1,"href":"https:\/\/lahora.mx\/index.php\/wp-json\/wp\/v2\/posts\/64156\/revisions"}],"predecessor-version":[{"id":64158,"href":"https:\/\/lahora.mx\/index.php\/wp-json\/wp\/v2\/posts\/64156\/revisions\/64158"}],"wp:featuredmedia":[{"embeddable":true,"href":"https:\/\/lahora.mx\/index.php\/wp-json\/wp\/v2\/media\/64157"}],"wp:attachment":[{"href":"https:\/\/lahora.mx\/index.php\/wp-json\/wp\/v2\/media?parent=64156"}],"wp:term":[{"taxonomy":"category","embeddable":true,"href":"https:\/\/lahora.mx\/index.php\/wp-json\/wp\/v2\/categories?post=64156"},{"taxonomy":"post_tag","embeddable":true,"href":"https:\/\/lahora.mx\/index.php\/wp-json\/wp\/v2\/tags?post=64156"}],"curies":[{"name":"wp","href":"https:\/\/api.w.org\/{rel}","templated":true}]}}