{"id":64150,"date":"2025-06-26T00:47:07","date_gmt":"2025-06-26T00:47:07","guid":{"rendered":"https:\/\/lahora.mx\/?p=64150"},"modified":"2025-06-26T00:47:07","modified_gmt":"2025-06-26T00:47:07","slug":"puebla-sera-estado-invitado-en-la-feria-internacional-del-libro-del-ipn","status":"publish","type":"post","link":"https:\/\/lahora.mx\/index.php\/2025\/06\/26\/puebla-sera-estado-invitado-en-la-feria-internacional-del-libro-del-ipn\/","title":{"rendered":"Puebla ser\u00e1 estado invitado en la Feria Internacional del Libro del IPN"},"content":{"rendered":"\n<p>Bajo la visi\u00f3n de Pensar en Grande que encabeza el gobernador Alejandro Armenta para visibilizar a la entidad a lo largo del pa\u00eds, Puebla ser\u00e1 el estado invitado en la XLII Feria Internacional del Libro del Instituto Polit\u00e9cnico Nacional (FIL IPN), en la que participar\u00e1 con m\u00e1s de 140 actividades del 27 de junio al 06 de julio del presente a\u00f1o, en Ciudad de M\u00e9xico.<\/p>\n\n\n\n<p>A trav\u00e9s de la Secretar\u00eda de Arte y Cultura del Gobierno del Estado de Puebla, se llevar\u00e1n a cabo presentaciones literarias de autores poblanos, expo ventas artesanales, muestras gastron\u00f3micas, un centro itinerante con actividades de fomento a la lectura, conferencias, talleres, obras de teatro y proyecciones de cortometrajes hechos por ni\u00f1as y ni\u00f1os mediante el programa nacional \u201cAlas y Ra\u00edces\u201d.<\/p>\n\n\n\n<p>Igualmente, habr\u00e1 demostraciones de danzas representativas del estado, como \u201cLos Tecuanes\u201d de Iz\u00facar de Matamoros, y conciertos a cargo de la Banda Sinf\u00f3nica Mixteca (BSM), la Orquesta T\u00edpica del Estado de Puebla (OTEP) y de Tr\u00edos Huastecos de los municipios de Xochitl\u00e1n de Vicente Su\u00e1rez, Pahuatl\u00e1n y Huauchinango.<\/p>\n\n\n\n<p>Las actividades se albergar\u00e1n en diversos espacios dentro del instituto, tales como el Pabell\u00f3n Nacional, el Auditorio \u201cManuel Moreno Torres\u201d, los salones \u201cMary Shelley\u201d e \u201cInden\u201d, y los foros \u201cGuillermo Haro\u201d, \u201cNewton\u201d y \u201cQu Yuan\u201d. Estas sedes se ubican en la Avenida Luis Enrique Erro S\/N, de la Unidad Profesional Adolfo L\u00f3pez Mateos, Zacatenco, en la Alcald\u00eda Gustavo A. Madero de la Ciudad de M\u00e9xico.<\/p>\n\n\n\n<p>El evento es una de las ferias m\u00e1s importantes de la zona metropolitana de M\u00e9xico, pues en \u00e9l participan gestores y sellos editoriales nacionales e internacionales con una gran muestra cultural. Este a\u00f1o, la edici\u00f3n 42 continuar\u00e1 con el prop\u00f3sito de celebrar la riqueza literaria en todas sus manifestaciones y ofrecer\u00e1 a estudiantes y p\u00fablico en general una oportunidad de ampliar sus horizontes y conocer nuevas narrativas y expresiones art\u00edsticas.<\/p>\n\n\n\n<p>Para la administraci\u00f3n de Alejandro Armenta, ser\u00e1 un ambiente id\u00f3neo para promover el talento de escritores poblanos y el intercambio art\u00edstico, cultural y editorial en un espacio donde converger\u00e1n autores, editores, acad\u00e9micos y lectores, quienes representar\u00e1n y pondr\u00e1n en alto al estado Por Amor a Puebla. El programa de actividades de la FIL IPN 2025 podr\u00e1 consultarse en la p\u00e1gina web https:\/\/www.ipn.mx\/.<\/p>\n","protected":false},"excerpt":{"rendered":"<p>Bajo la visi\u00f3n de Pensar en Grande que encabeza el gobernador Alejandro Armenta para visibilizar a la entidad a lo largo del pa\u00eds, Puebla ser\u00e1 el estado invitado en la XLII Feria Internacional del Libro del Instituto Polit\u00e9cnico Nacional (FIL IPN), en la que participar\u00e1 con m\u00e1s de 140 actividades del 27 de junio al [&hellip;]<\/p>\n","protected":false},"author":4,"featured_media":64151,"comment_status":"open","ping_status":"open","sticky":false,"template":"","format":"standard","meta":{"om_disable_all_campaigns":false,"_monsterinsights_skip_tracking":false,"_monsterinsights_sitenote_active":false,"_monsterinsights_sitenote_note":"","_monsterinsights_sitenote_category":0,"footnotes":""},"categories":[3,175],"tags":[223],"class_list":["post-64150","post","type-post","status-publish","format-standard","has-post-thumbnail","hentry","category-entretenimiento","category-local","tag-puebla"],"amp_enabled":true,"_links":{"self":[{"href":"https:\/\/lahora.mx\/index.php\/wp-json\/wp\/v2\/posts\/64150","targetHints":{"allow":["GET"]}}],"collection":[{"href":"https:\/\/lahora.mx\/index.php\/wp-json\/wp\/v2\/posts"}],"about":[{"href":"https:\/\/lahora.mx\/index.php\/wp-json\/wp\/v2\/types\/post"}],"author":[{"embeddable":true,"href":"https:\/\/lahora.mx\/index.php\/wp-json\/wp\/v2\/users\/4"}],"replies":[{"embeddable":true,"href":"https:\/\/lahora.mx\/index.php\/wp-json\/wp\/v2\/comments?post=64150"}],"version-history":[{"count":1,"href":"https:\/\/lahora.mx\/index.php\/wp-json\/wp\/v2\/posts\/64150\/revisions"}],"predecessor-version":[{"id":64152,"href":"https:\/\/lahora.mx\/index.php\/wp-json\/wp\/v2\/posts\/64150\/revisions\/64152"}],"wp:featuredmedia":[{"embeddable":true,"href":"https:\/\/lahora.mx\/index.php\/wp-json\/wp\/v2\/media\/64151"}],"wp:attachment":[{"href":"https:\/\/lahora.mx\/index.php\/wp-json\/wp\/v2\/media?parent=64150"}],"wp:term":[{"taxonomy":"category","embeddable":true,"href":"https:\/\/lahora.mx\/index.php\/wp-json\/wp\/v2\/categories?post=64150"},{"taxonomy":"post_tag","embeddable":true,"href":"https:\/\/lahora.mx\/index.php\/wp-json\/wp\/v2\/tags?post=64150"}],"curies":[{"name":"wp","href":"https:\/\/api.w.org\/{rel}","templated":true}]}}