{"id":6415,"date":"2022-05-03T22:24:39","date_gmt":"2022-05-03T22:24:39","guid":{"rendered":"http:\/\/lahora.mx\/?p=6415"},"modified":"2022-05-03T22:24:39","modified_gmt":"2022-05-03T22:24:39","slug":"en-el-conflicto-legal-de-la-suntuap-y-el-predio-vaquerias-se-le-solicitara-intervencion-a-barbosa-amlo","status":"publish","type":"post","link":"https:\/\/lahora.mx\/index.php\/2022\/05\/03\/en-el-conflicto-legal-de-la-suntuap-y-el-predio-vaquerias-se-le-solicitara-intervencion-a-barbosa-amlo\/","title":{"rendered":"En el conflicto legal de la SUNTUAP y el predio Vaquer\u00edas se le solicitara intervenci\u00f3n a Barbosa; AMLO"},"content":{"rendered":"\n<p>El presidente de M\u00e9xico, Andr\u00e9s Manuel L\u00f3pez Obrador, pedir\u00e1 al gobernador, Luis Miguel Barbosa, que intervenga en el conflicto legal que enfrenta el Sindicato \u00danico de Trabajadores de la Universidad Aut\u00f3noma de Puebla (SUNTUAP) por la defensa del predio Vaquer\u00edas, ubicado al sur de la capital poblana.<\/p>\n\n\n\n<p>Durante su habitual conferencia ma\u00f1anera, el titular del ejecutivo fue cuestionado por un reportero sobre el conflicto legal que enfrentan un grupo de jubilados al sur de la ciudad de Puebla, ya que se les pretende despojar de un predio que adquirieron con los ahorros de su vida laboral, esto en alusi\u00f3n al litigio que enfrentan los agremiados del SUNTUAP.<br>Obrador respondi\u00f3 brevemente que aprovechar\u00e1 la visita que realizar\u00e1 a la entidad el pr\u00f3ximo jueves, para presenciar el desfile c\u00edvico militar del 5 de mayo, y se informar\u00e1 del asunto para despu\u00e9s solicitar a las autoridades que intervengan.<br><\/p>\n\n\n\n<p>\u201cVamos ahora a Puebla y vamos a tener la oportunidad de informarnos y pedirle la intervenci\u00f3n al gobernador (\u2026) vamos a estar en Puebla desde pasado ma\u00f1ana, all\u00e1 vamos a descansar para la reuni\u00f3n de seguridad y luego la ma\u00f1anera\u201d, dijo.<\/p>\n\n\n\n<p>El pleito legal por la posesi\u00f3n de 14 hect\u00e1reas del predio Vaquer\u00edas inici\u00f3 en 1994, cuando el ex abogado del sindicato, Luis Espinosa Vega demand\u00f3 una deuda de 60 mil pesos por concepto de honorarios, pero posteriormente aleg\u00f3 que la cifra ya se hab\u00eda elevado a un mill\u00f3n 800 mil pesos por concepto de intereses.<\/p>\n\n\n\n<p>Con lo anterior, demand\u00f3 que para cobrar la deuda la autoridad judicial embargara el predio al sindicato y le cediera la posesi\u00f3n, a pesar de que el valor real del terreno rebasa los 140 millones de pesos.<br><\/p>\n\n\n\n<p>Ante la amenaza de desalojo, el SUNTUAP promovi\u00f3 y obtuvo un amparo de la justicia federal para que la autoridad judicial local vuelva a revisar el caso, con lo que logr\u00f3 evitar que se consumara la sentencia mediante la cual Espinosa Vega deb\u00eda tomar posesi\u00f3n del lote.<\/p>\n\n\n\n<p>Actualmente son 150 familias las que han construido sus viviendas en el predio, sin embargo, no son las \u00fanicas afectadas porque el resto del lote sin habitar ya tambi\u00e9n tiene due\u00f1os, todos jubilados de la Benem\u00e9rita Universidad Aut\u00f3noma de Puebla (BUAP).<\/p>\n","protected":false},"excerpt":{"rendered":"<p>El presidente de M\u00e9xico, Andr\u00e9s Manuel L\u00f3pez Obrador, pedir\u00e1 al gobernador, Luis Miguel Barbosa, que intervenga en el conflicto legal que enfrenta el Sindicato \u00danico de Trabajadores de la Universidad Aut\u00f3noma de Puebla (SUNTUAP) por la defensa del predio Vaquer\u00edas, ubicado al sur de la capital poblana. Durante su habitual conferencia ma\u00f1anera, el titular del [&hellip;]<\/p>\n","protected":false},"author":4,"featured_media":6416,"comment_status":"open","ping_status":"open","sticky":false,"template":"","format":"standard","meta":{"om_disable_all_campaigns":false,"_monsterinsights_skip_tracking":false,"_monsterinsights_sitenote_active":false,"_monsterinsights_sitenote_note":"","_monsterinsights_sitenote_category":0,"footnotes":""},"categories":[175],"tags":[223],"class_list":["post-6415","post","type-post","status-publish","format-standard","has-post-thumbnail","hentry","category-local","tag-puebla"],"amp_enabled":true,"_links":{"self":[{"href":"https:\/\/lahora.mx\/index.php\/wp-json\/wp\/v2\/posts\/6415","targetHints":{"allow":["GET"]}}],"collection":[{"href":"https:\/\/lahora.mx\/index.php\/wp-json\/wp\/v2\/posts"}],"about":[{"href":"https:\/\/lahora.mx\/index.php\/wp-json\/wp\/v2\/types\/post"}],"author":[{"embeddable":true,"href":"https:\/\/lahora.mx\/index.php\/wp-json\/wp\/v2\/users\/4"}],"replies":[{"embeddable":true,"href":"https:\/\/lahora.mx\/index.php\/wp-json\/wp\/v2\/comments?post=6415"}],"version-history":[{"count":1,"href":"https:\/\/lahora.mx\/index.php\/wp-json\/wp\/v2\/posts\/6415\/revisions"}],"predecessor-version":[{"id":6417,"href":"https:\/\/lahora.mx\/index.php\/wp-json\/wp\/v2\/posts\/6415\/revisions\/6417"}],"wp:featuredmedia":[{"embeddable":true,"href":"https:\/\/lahora.mx\/index.php\/wp-json\/wp\/v2\/media\/6416"}],"wp:attachment":[{"href":"https:\/\/lahora.mx\/index.php\/wp-json\/wp\/v2\/media?parent=6415"}],"wp:term":[{"taxonomy":"category","embeddable":true,"href":"https:\/\/lahora.mx\/index.php\/wp-json\/wp\/v2\/categories?post=6415"},{"taxonomy":"post_tag","embeddable":true,"href":"https:\/\/lahora.mx\/index.php\/wp-json\/wp\/v2\/tags?post=6415"}],"curies":[{"name":"wp","href":"https:\/\/api.w.org\/{rel}","templated":true}]}}