{"id":64147,"date":"2025-06-25T16:40:46","date_gmt":"2025-06-25T16:40:46","guid":{"rendered":"https:\/\/lahora.mx\/?p=64147"},"modified":"2025-06-25T16:40:46","modified_gmt":"2025-06-25T16:40:46","slug":"cierran-la-carretera-hueytamalco-san-jose-acateno-por-danos-y-deslaves","status":"publish","type":"post","link":"https:\/\/lahora.mx\/index.php\/2025\/06\/25\/cierran-la-carretera-hueytamalco-san-jose-acateno-por-danos-y-deslaves\/","title":{"rendered":"Cierran la carretera Hueytamalco\u2013San Jos\u00e9 Acateno por da\u00f1os y deslaves"},"content":{"rendered":"\n<p>El tramo Hueytamalco\u2013San Jos\u00e9 Acateno permanece cerrado debido al riesgo que representa para los conductores, luego de que las lluvias agravaran los deslaves en la zona conocida como Los Colorines, y provocaran incluso fracturas en la carpeta asf\u00e1ltica.<\/p>\n\n\n\n<p>Vecinos denunciaron que los desperfectos comenzaron hace casi un a\u00f1o, durante la temporada de lluvias, y aunque en su momento se reportaron a infraestructura del gobierno estatal, los trabajos quedaron inconclusos.<\/p>\n\n\n\n<p>Relataron que s\u00ed lleg\u00f3 maquinaria, pero esta solo realiz\u00f3 algunos movimientos menores y fue retirada pocos d\u00edas despu\u00e9s, sin reparar completamente la vialidad. \u201cSolo qued\u00f3 habilitado un carril, sin mejoras de verdad\u201d, reclamaron los habitantes.<\/p>\n\n\n\n<p>La situaci\u00f3n empeor\u00f3 con las lluvias recientes, que terminaron por da\u00f1ar de forma m\u00e1s grave el pavimento. La fractura en la carpeta asf\u00e1ltica representa ahora un riesgo para quienes transitan por el sitio, por lo que se orden\u00f3 el cierre total del tramo.<br><br>Fue a trav\u00e9s de Protecci\u00f3n Civil estatal que los ayuntamientos de Acateno y Hueytamalco comunicaron la decisi\u00f3n de cerrar el paso, a la espera de maquinaria para una reparaci\u00f3n definitiva.<\/p>\n\n\n\n<p>Mientras tanto, autoridades informaron que la ruta alterna es por la comunidad de Tlacuilolapa, aunque esta no es apta para veh\u00edculos pesados, lo que representa una afectaci\u00f3n directa al comercio local y a la movilidad en la regi\u00f3n.<\/p>\n\n\n\n<p>Los pobladores esperan que ahora s\u00ed se intervenga de fondo, ya que la v\u00eda es esencial para la comunicaci\u00f3n y econom\u00eda regional.<br><\/p>\n","protected":false},"excerpt":{"rendered":"<p>El tramo Hueytamalco\u2013San Jos\u00e9 Acateno permanece cerrado debido al riesgo que representa para los conductores, luego de que las lluvias agravaran los deslaves en la zona conocida como Los Colorines, y provocaran incluso fracturas en la carpeta asf\u00e1ltica. Vecinos denunciaron que los desperfectos comenzaron hace casi un a\u00f1o, durante la temporada de lluvias, y aunque [&hellip;]<\/p>\n","protected":false},"author":4,"featured_media":64148,"comment_status":"open","ping_status":"open","sticky":false,"template":"","format":"standard","meta":{"om_disable_all_campaigns":false,"_monsterinsights_skip_tracking":false,"_monsterinsights_sitenote_active":false,"_monsterinsights_sitenote_note":"","_monsterinsights_sitenote_category":0,"footnotes":""},"categories":[175],"tags":[195,223],"class_list":["post-64147","post","type-post","status-publish","format-standard","has-post-thumbnail","hentry","category-local","tag-principal","tag-puebla"],"amp_enabled":true,"_links":{"self":[{"href":"https:\/\/lahora.mx\/index.php\/wp-json\/wp\/v2\/posts\/64147","targetHints":{"allow":["GET"]}}],"collection":[{"href":"https:\/\/lahora.mx\/index.php\/wp-json\/wp\/v2\/posts"}],"about":[{"href":"https:\/\/lahora.mx\/index.php\/wp-json\/wp\/v2\/types\/post"}],"author":[{"embeddable":true,"href":"https:\/\/lahora.mx\/index.php\/wp-json\/wp\/v2\/users\/4"}],"replies":[{"embeddable":true,"href":"https:\/\/lahora.mx\/index.php\/wp-json\/wp\/v2\/comments?post=64147"}],"version-history":[{"count":1,"href":"https:\/\/lahora.mx\/index.php\/wp-json\/wp\/v2\/posts\/64147\/revisions"}],"predecessor-version":[{"id":64149,"href":"https:\/\/lahora.mx\/index.php\/wp-json\/wp\/v2\/posts\/64147\/revisions\/64149"}],"wp:featuredmedia":[{"embeddable":true,"href":"https:\/\/lahora.mx\/index.php\/wp-json\/wp\/v2\/media\/64148"}],"wp:attachment":[{"href":"https:\/\/lahora.mx\/index.php\/wp-json\/wp\/v2\/media?parent=64147"}],"wp:term":[{"taxonomy":"category","embeddable":true,"href":"https:\/\/lahora.mx\/index.php\/wp-json\/wp\/v2\/categories?post=64147"},{"taxonomy":"post_tag","embeddable":true,"href":"https:\/\/lahora.mx\/index.php\/wp-json\/wp\/v2\/tags?post=64147"}],"curies":[{"name":"wp","href":"https:\/\/api.w.org\/{rel}","templated":true}]}}