{"id":64144,"date":"2025-06-25T16:21:38","date_gmt":"2025-06-25T16:21:38","guid":{"rendered":"https:\/\/lahora.mx\/?p=64144"},"modified":"2025-06-25T16:21:39","modified_gmt":"2025-06-25T16:21:39","slug":"continuan-obras-en-puebla-carretera-cuautla-tlapa-con-5-de-avance-sict","status":"publish","type":"post","link":"https:\/\/lahora.mx\/index.php\/2025\/06\/25\/continuan-obras-en-puebla-carretera-cuautla-tlapa-con-5-de-avance-sict\/","title":{"rendered":"Contin\u00faan obras en Puebla; carretera Cuautla-Tlapa, con 5 % de avance: SICT"},"content":{"rendered":"\n<p>Avanza la construcci\u00f3n de la carretera Cuautla-Tlapa, as\u00ed como las obras en los dos caminos artesanales que intervendr\u00e1 el Gobierno Federal en Puebla.<\/p>\n\n\n\n<p>Hoy en la ma\u00f1anera del pueblo, encabezada por la presidenta Claudia Sheinbaum, el titular de la Secretar\u00eda de Infraestructura, Comunicaciones y Transportes (SICT), Jes\u00fas Antonio Esteva Medina, dio un avance de las obras que se ejecutan en el pa\u00eds.<\/p>\n\n\n\n<p>Comparti\u00f3 que en el caso de la carretera Cuautla-Tlapa que pasa por Morelos, Puebla y Guerrero, ya tiene un avance de 5 por ciento.<\/p>\n\n\n\n<p>Consiste en la intervenci\u00f3n de 385 kil\u00f3metros, tendr\u00e1 un carril por sentido y cuatro puentes con una inversi\u00f3n de 13 mil 652 millones de pesos.<\/p>\n\n\n\n<p>La Cuautla-Tlapa forma parte del programa de ejes prioritarios que para este a\u00f1o se destinar\u00e1n 10 mil 254 millones de pesos para 193 kil\u00f3metros, pero que en los seis a\u00f1os alcanzar\u00e1n los 112 mil 173 millones de pesos para 2 mil 220 kil\u00f3metros.<\/p>\n\n\n\n<p>Por otra parte, el titular de la SICT comparti\u00f3 que ya se inici\u00f3 con la intervenci\u00f3n en los caminos artesanales que impuls\u00f3 la presidenta Claudia Sheinbaum.<\/p>\n\n\n\n<p>En el caso de Puebla, se inform\u00f3 que ya se trabaja en dos caminos artesanales que tienen una extensi\u00f3n de 5 kil\u00f3metros.<\/p>\n\n\n\n<p>Para este programa se invertir\u00e1n, en 2025, 3 mil millones de pesos para 432 kil\u00f3metros, pero en los seis a\u00f1os dar\u00e1n un total de 15 mil 500 millones de pesos para 2 mil 107 kil\u00f3metros de caminos artesanales.<\/p>\n","protected":false},"excerpt":{"rendered":"<p>Avanza la construcci\u00f3n de la carretera Cuautla-Tlapa, as\u00ed como las obras en los dos caminos artesanales que intervendr\u00e1 el Gobierno Federal en Puebla. Hoy en la ma\u00f1anera del pueblo, encabezada por la presidenta Claudia Sheinbaum, el titular de la Secretar\u00eda de Infraestructura, Comunicaciones y Transportes (SICT), Jes\u00fas Antonio Esteva Medina, dio un avance de las [&hellip;]<\/p>\n","protected":false},"author":4,"featured_media":64145,"comment_status":"open","ping_status":"open","sticky":false,"template":"","format":"standard","meta":{"om_disable_all_campaigns":false,"_monsterinsights_skip_tracking":false,"_monsterinsights_sitenote_active":false,"_monsterinsights_sitenote_note":"","_monsterinsights_sitenote_category":0,"footnotes":""},"categories":[176],"tags":[223],"class_list":["post-64144","post","type-post","status-publish","format-standard","has-post-thumbnail","hentry","category-nacional","tag-puebla"],"amp_enabled":true,"_links":{"self":[{"href":"https:\/\/lahora.mx\/index.php\/wp-json\/wp\/v2\/posts\/64144","targetHints":{"allow":["GET"]}}],"collection":[{"href":"https:\/\/lahora.mx\/index.php\/wp-json\/wp\/v2\/posts"}],"about":[{"href":"https:\/\/lahora.mx\/index.php\/wp-json\/wp\/v2\/types\/post"}],"author":[{"embeddable":true,"href":"https:\/\/lahora.mx\/index.php\/wp-json\/wp\/v2\/users\/4"}],"replies":[{"embeddable":true,"href":"https:\/\/lahora.mx\/index.php\/wp-json\/wp\/v2\/comments?post=64144"}],"version-history":[{"count":1,"href":"https:\/\/lahora.mx\/index.php\/wp-json\/wp\/v2\/posts\/64144\/revisions"}],"predecessor-version":[{"id":64146,"href":"https:\/\/lahora.mx\/index.php\/wp-json\/wp\/v2\/posts\/64144\/revisions\/64146"}],"wp:featuredmedia":[{"embeddable":true,"href":"https:\/\/lahora.mx\/index.php\/wp-json\/wp\/v2\/media\/64145"}],"wp:attachment":[{"href":"https:\/\/lahora.mx\/index.php\/wp-json\/wp\/v2\/media?parent=64144"}],"wp:term":[{"taxonomy":"category","embeddable":true,"href":"https:\/\/lahora.mx\/index.php\/wp-json\/wp\/v2\/categories?post=64144"},{"taxonomy":"post_tag","embeddable":true,"href":"https:\/\/lahora.mx\/index.php\/wp-json\/wp\/v2\/tags?post=64144"}],"curies":[{"name":"wp","href":"https:\/\/api.w.org\/{rel}","templated":true}]}}