{"id":64141,"date":"2025-06-25T16:19:44","date_gmt":"2025-06-25T16:19:44","guid":{"rendered":"https:\/\/lahora.mx\/?p=64141"},"modified":"2025-06-25T16:19:44","modified_gmt":"2025-06-25T16:19:44","slug":"madres-protestan-vs-directora-de-primaria-y-logran-solicitud-de-destitucion","status":"publish","type":"post","link":"https:\/\/lahora.mx\/index.php\/2025\/06\/25\/madres-protestan-vs-directora-de-primaria-y-logran-solicitud-de-destitucion\/","title":{"rendered":"Madres protestan vs directora de primaria y logran solicitud de destituci\u00f3n"},"content":{"rendered":"\n<p>Madres y padres de alumnos inscritos a la escuela primaria Josefa Ortiz de Dom\u00ednguez se manifestaron a la entrada del inmueble ubicado en la colonia Guadalupe Hidalgo esta ma\u00f1ana para solicitar la destituci\u00f3n de la directora del colegio, Yolanda Alem\u00e1n P\u00e1ez, por malos manejos y hostilidad contra menores con discapacidad.<\/p>\n\n\n\n<p>Tras bloquear los accesos del instituto de educaci\u00f3n b\u00e1sica por casi una hora el grupo \u2014conformado principalmente por mujeres\u2014 logr\u00f3 que autoridades estatales conversaran con ellas y que comenzara el proceso de destituci\u00f3n de la titular del plantel.<\/p>\n\n\n\n<p>Bloquean primaria en Guadalupe Hidalgo, acusan a directora de malos manejos y discriminaci\u00f3n<br>Poco despu\u00e9s del amanecer de este lunes madres y padres de familia de la instituci\u00f3n que se encuentra en la Guadalupe Hidalgo, al sur de la ciudad de Puebla, se organizaron e impidieron el acceso de los estudiantes al inmueble con pancartas en mano.<\/p>\n\n\n\n<p>Con consignas como \u201c\u00a1Fuera la directora!\u201d y \u201c\u00a1No queremos a la directora!\u201d, las manifestantes denunciaron presuntos malos manejos de recursos, as\u00ed como tratos hostiles hacia alumnos y padres.<\/p>\n\n\n\n<p>De acuerdo con testimonios de las manifestantes, la directora declar\u00f3 en diversas ocasiones que la escuela primaria Josefa Ortiz de Dom\u00ednguez no cuenta ni con becas ni con recursos extra o de apoyo, ya que el sector en que se encuentra no accede a estos.<\/p>\n\n\n\n<p>Tambi\u00e9n se\u00f1alaron presuntos actos de discriminaci\u00f3n por parte de la acusada contra menores con discapacidad.<\/p>\n\n\n\n<p>Tras una 1 de protesta consiguen solicitud de destituci\u00f3n contra directora.<br>Ante la movilizaci\u00f3n en la colonia Guadalupe Hidalgo personal de la Coordinaci\u00f3n Regional de Desarrollo Educativo (Corde) y de la jefatura de Sector de la Secretar\u00eda de Educaci\u00f3n P\u00fablica (SEP) del estado, acudieron al plantel para dialogar con los manifestantes.<\/p>\n\n\n\n<p>Ya en el di\u00e1logo solicitaron a las madres de familia permitir el ingreso de los menores para que pudieran tomar sus clases con normalidad.<\/p>\n\n\n\n<p>Tras varios minutos de discusi\u00f3n se alcanz\u00f3 un acuerdo: las autoridades se comprometieron a redactar un documento en el que se formalice la solicitud de destituci\u00f3n de la directora.<\/p>\n\n\n\n<p>Alrededor de las 08:30 horas, luego de una hora de protesta civil, las instalaciones fueron reabiertas y los estudiantes ingresaron.<\/p>\n\n\n\n<p>En simultaneo autoridades de la SEP ingresaron a la escuela primaria Josefa Ortiz de Dom\u00ednguez acompa\u00f1adas por una comitiva de madres y padres de familia.<\/p>\n\n\n\n<p>Padres amenazan con cerrar vialidades<br>Pese al acuerdo que se alcanz\u00f3 y a la conformaci\u00f3n de una comitiva, los tutores de los alumnos de la instituci\u00f3n advirtieron que, en caso de que sus demandas no sean atendidas, proceder\u00e1n al cierre de vialidades hasta lograr la destituci\u00f3n de Yolanda Alem\u00e1n P\u00e1ez.<\/p>\n\n\n\n<p>Afirmaron que durante los seis a\u00f1os en los que ha estado al frente de la direcci\u00f3n, la tambi\u00e9n docente manifest\u00f3 tener v\u00ednculos dentro de la SEP estatal y federal, lo cual \u2014refirieron las madres\u2014 ha impedido su remoci\u00f3n del cargo.<\/p>\n","protected":false},"excerpt":{"rendered":"<p>Madres y padres de alumnos inscritos a la escuela primaria Josefa Ortiz de Dom\u00ednguez se manifestaron a la entrada del inmueble ubicado en la colonia Guadalupe Hidalgo esta ma\u00f1ana para solicitar la destituci\u00f3n de la directora del colegio, Yolanda Alem\u00e1n P\u00e1ez, por malos manejos y hostilidad contra menores con discapacidad. Tras bloquear los accesos del [&hellip;]<\/p>\n","protected":false},"author":4,"featured_media":64142,"comment_status":"open","ping_status":"open","sticky":false,"template":"","format":"standard","meta":{"om_disable_all_campaigns":false,"_monsterinsights_skip_tracking":false,"_monsterinsights_sitenote_active":false,"_monsterinsights_sitenote_note":"","_monsterinsights_sitenote_category":0,"footnotes":""},"categories":[175],"tags":[223],"class_list":["post-64141","post","type-post","status-publish","format-standard","has-post-thumbnail","hentry","category-local","tag-puebla"],"amp_enabled":true,"_links":{"self":[{"href":"https:\/\/lahora.mx\/index.php\/wp-json\/wp\/v2\/posts\/64141","targetHints":{"allow":["GET"]}}],"collection":[{"href":"https:\/\/lahora.mx\/index.php\/wp-json\/wp\/v2\/posts"}],"about":[{"href":"https:\/\/lahora.mx\/index.php\/wp-json\/wp\/v2\/types\/post"}],"author":[{"embeddable":true,"href":"https:\/\/lahora.mx\/index.php\/wp-json\/wp\/v2\/users\/4"}],"replies":[{"embeddable":true,"href":"https:\/\/lahora.mx\/index.php\/wp-json\/wp\/v2\/comments?post=64141"}],"version-history":[{"count":1,"href":"https:\/\/lahora.mx\/index.php\/wp-json\/wp\/v2\/posts\/64141\/revisions"}],"predecessor-version":[{"id":64143,"href":"https:\/\/lahora.mx\/index.php\/wp-json\/wp\/v2\/posts\/64141\/revisions\/64143"}],"wp:featuredmedia":[{"embeddable":true,"href":"https:\/\/lahora.mx\/index.php\/wp-json\/wp\/v2\/media\/64142"}],"wp:attachment":[{"href":"https:\/\/lahora.mx\/index.php\/wp-json\/wp\/v2\/media?parent=64141"}],"wp:term":[{"taxonomy":"category","embeddable":true,"href":"https:\/\/lahora.mx\/index.php\/wp-json\/wp\/v2\/categories?post=64141"},{"taxonomy":"post_tag","embeddable":true,"href":"https:\/\/lahora.mx\/index.php\/wp-json\/wp\/v2\/tags?post=64141"}],"curies":[{"name":"wp","href":"https:\/\/api.w.org\/{rel}","templated":true}]}}