{"id":64132,"date":"2025-06-25T01:39:06","date_gmt":"2025-06-25T01:39:06","guid":{"rendered":"https:\/\/lahora.mx\/?p=64132"},"modified":"2025-06-25T01:39:07","modified_gmt":"2025-06-25T01:39:07","slug":"beneficia-puebla-brilla-a-mas-de-10-mil-vecinas-y-vecinos-de-loma-bella","status":"publish","type":"post","link":"https:\/\/lahora.mx\/index.php\/2025\/06\/25\/beneficia-puebla-brilla-a-mas-de-10-mil-vecinas-y-vecinos-de-loma-bella\/","title":{"rendered":"Beneficia Puebla Brilla a m\u00e1s de 10 mil vecinas y vecinos de Loma Bella"},"content":{"rendered":"\n<p>Como parte de la estrategia Puebla Brilla, el presidente municipal, Pepe Chedraui Budib, entreg\u00f3 la modernizaci\u00f3n del alumbrado p\u00fablico en la Unidad Habitacional Loma Bella, cubriendo una zona m\u00e1s de la capital al 100 por ciento con 285 luminarias renovadas de tecnolog\u00eda LED, beneficiando de manera directa a m\u00e1s de 10 mil personas.<\/p>\n\n\n\n<p>De las 494 luminarias existentes en la unidad, \u00fanicamente 209 contaban con dicha tecnolog\u00eda, por lo que ahora est\u00e1 cubierta la totalidad del parque lum\u00ednico en la zona con este sistema m\u00e1s eficiente y sustentable, con un ahorro energ\u00e9tico importante, adem\u00e1s de brindar seguridad a las y los transe\u00fantes.<\/p>\n\n\n\n<p>En este sentido, el presidente municipal Pepe Chedraui, afirm\u00f3 que el gobierno de la Ciudad dotar\u00e1 con servicios p\u00fablicos como iluminaci\u00f3n, bacheo y obra p\u00fablica a las y los poblanos.<\/p>\n\n\n\n<p>En su mensaje, el secretario de Servicios P\u00fablicos, Clemente G\u00f3mez Medina, destac\u00f3 el compromiso del alcalde Pepe Chedraui para trabajar de manera interinstitucional en el fortalecimiento de la seguridad para las y los ciudadanos, adem\u00e1s de garantizar los servicios p\u00fablicos de calidad en todos los rincones de la capital y muestra de ellos es el avance en la modernizaci\u00f3n de alumbrado p\u00fablico a trav\u00e9s de Puebla Brilla.<\/p>\n\n\n\n<p>La estrategia Puebla Brilla forma parte de la visi\u00f3n del alcalde Pepe Chedraui para promover una capital de vanguardia, con orden, m\u00e1s equitativa, funcional, cercana a sus comunidades y responsable con su entorno. Con estas mejoras, el Gobierno de la Ciudad promueve la seguridad en espacios p\u00fablicos, fortalece la convivencia vecinal y logra hacer comunidad.<\/p>\n","protected":false},"excerpt":{"rendered":"<p>Como parte de la estrategia Puebla Brilla, el presidente municipal, Pepe Chedraui Budib, entreg\u00f3 la modernizaci\u00f3n del alumbrado p\u00fablico en la Unidad Habitacional Loma Bella, cubriendo una zona m\u00e1s de la capital al 100 por ciento con 285 luminarias renovadas de tecnolog\u00eda LED, beneficiando de manera directa a m\u00e1s de 10 mil personas. De las [&hellip;]<\/p>\n","protected":false},"author":4,"featured_media":64133,"comment_status":"open","ping_status":"open","sticky":false,"template":"","format":"standard","meta":{"om_disable_all_campaigns":false,"_monsterinsights_skip_tracking":false,"_monsterinsights_sitenote_active":false,"_monsterinsights_sitenote_note":"","_monsterinsights_sitenote_category":0,"footnotes":""},"categories":[175],"tags":[223],"class_list":["post-64132","post","type-post","status-publish","format-standard","has-post-thumbnail","hentry","category-local","tag-puebla"],"amp_enabled":true,"_links":{"self":[{"href":"https:\/\/lahora.mx\/index.php\/wp-json\/wp\/v2\/posts\/64132","targetHints":{"allow":["GET"]}}],"collection":[{"href":"https:\/\/lahora.mx\/index.php\/wp-json\/wp\/v2\/posts"}],"about":[{"href":"https:\/\/lahora.mx\/index.php\/wp-json\/wp\/v2\/types\/post"}],"author":[{"embeddable":true,"href":"https:\/\/lahora.mx\/index.php\/wp-json\/wp\/v2\/users\/4"}],"replies":[{"embeddable":true,"href":"https:\/\/lahora.mx\/index.php\/wp-json\/wp\/v2\/comments?post=64132"}],"version-history":[{"count":1,"href":"https:\/\/lahora.mx\/index.php\/wp-json\/wp\/v2\/posts\/64132\/revisions"}],"predecessor-version":[{"id":64134,"href":"https:\/\/lahora.mx\/index.php\/wp-json\/wp\/v2\/posts\/64132\/revisions\/64134"}],"wp:featuredmedia":[{"embeddable":true,"href":"https:\/\/lahora.mx\/index.php\/wp-json\/wp\/v2\/media\/64133"}],"wp:attachment":[{"href":"https:\/\/lahora.mx\/index.php\/wp-json\/wp\/v2\/media?parent=64132"}],"wp:term":[{"taxonomy":"category","embeddable":true,"href":"https:\/\/lahora.mx\/index.php\/wp-json\/wp\/v2\/categories?post=64132"},{"taxonomy":"post_tag","embeddable":true,"href":"https:\/\/lahora.mx\/index.php\/wp-json\/wp\/v2\/tags?post=64132"}],"curies":[{"name":"wp","href":"https:\/\/api.w.org\/{rel}","templated":true}]}}