{"id":6412,"date":"2022-05-03T22:17:58","date_gmt":"2022-05-03T22:17:58","guid":{"rendered":"http:\/\/lahora.mx\/?p=6412"},"modified":"2022-05-03T22:17:59","modified_gmt":"2022-05-03T22:17:59","slug":"rescatan-a-cocodrilo-de-canal-de-aguas-negras-en-teziutlan","status":"publish","type":"post","link":"https:\/\/lahora.mx\/index.php\/2022\/05\/03\/rescatan-a-cocodrilo-de-canal-de-aguas-negras-en-teziutlan\/","title":{"rendered":"Rescatan a cocodrilo de canal de aguas negras en Teziutl\u00e1n"},"content":{"rendered":"\n<p>Vecinos del&nbsp;<strong>polideportivo Bicentenario<\/strong>&nbsp;ubicado en&nbsp;<strong>Teziutl\u00e1n<\/strong>, alertaron a los&nbsp;<strong>cuerpos de seguridad&nbsp;<\/strong>y&nbsp;<strong>Protecci\u00f3n Civil<\/strong>, sobre la presencia de un&nbsp;<strong>cocodrilo<\/strong>&nbsp;que se encontraba en el canal de&nbsp;<strong>aguas negras&nbsp;<\/strong>que atraviesa el lugar.<\/p>\n\n\n\n<p>Al arribar las autoridades, confirmaron que se trataba de un&nbsp;<strong>cocodrilo americano<\/strong>&nbsp;de 4 kilos de peso y un metro con 30 cent\u00edmetros de largo, el cual ya se encuentra bajo los cuidados de Protecci\u00f3n Civil, quien posteriormente&nbsp;<strong>ser\u00e1 trasladado a su h\u00e1bitat natural<\/strong>, a trav\u00e9s de la&nbsp;<strong>Procuradur\u00eda Federal de Protecci\u00f3n al Ambiente<\/strong>&nbsp;(Profepa).<\/p>\n\n\n\n<p><strong>Alejandro Luna Aquino<\/strong>, director de Protecci\u00f3n Civil en Teziutl\u00e1n, inform\u00f3 que se est\u00e1n haciendo\u00a0<strong>investigaciones<\/strong>\u00a0sobre el porqu\u00e9 este esp\u00e9cimen apareci\u00f3 en el canal: \u00abeste animalito lo fueron a dejar,\u00a0<strong>lo ten\u00edan en cautiverio como mascota<\/strong>, como no lo pueden mantener, lo m\u00e1s f\u00e1cil es dejarlo libre, pero gracias a los reportes pudimos acudir, ya que representaba un\u00a0<strong>riesgo para la poblaci\u00f3n<\/strong>.\u00bb<br><\/p>\n\n\n\n<p>Se cree que alg\u00fan vecino del lugar es el due\u00f1o irresponsable que dej\u00f3 en libertad al cocodrilo, por lo que ya se hacen las investigaciones pertinentes.<\/p>\n\n\n\n<p>La especie hallada pertenece a la familia del&nbsp;<strong>Crocodylus acutus<\/strong>, la cual se encuentra&nbsp;<strong>peligro de extinci\u00f3n<\/strong>, pues suele ser&nbsp;<strong>v\u00edctima del tr\u00e1fico ilegal<\/strong>.<\/p>\n\n\n\n<p>Este animal se distingue por su&nbsp;<strong>gran tama\u00f1o<\/strong>, pues puede llegar a medir hasta seis metros, posee un hocico notablemente alargado, su dorso es gris\u00e1ceo, presenta manchas oscuras y el vientre no tiene marcas. Se le puede encontrar en&nbsp;<strong>Florida<\/strong>, algunas&nbsp;<strong>islas del Mar Caribe&nbsp;<\/strong>y zonas costeras del&nbsp;<strong>Golfo de M\u00e9xico<\/strong>.<\/p>\n","protected":false},"excerpt":{"rendered":"<p>Vecinos del&nbsp;polideportivo Bicentenario&nbsp;ubicado en&nbsp;Teziutl\u00e1n, alertaron a los&nbsp;cuerpos de seguridad&nbsp;y&nbsp;Protecci\u00f3n Civil, sobre la presencia de un&nbsp;cocodrilo&nbsp;que se encontraba en el canal de&nbsp;aguas negras&nbsp;que atraviesa el lugar. Al arribar las autoridades, confirmaron que se trataba de un&nbsp;cocodrilo americano&nbsp;de 4 kilos de peso y un metro con 30 cent\u00edmetros de largo, el cual ya se encuentra bajo los [&hellip;]<\/p>\n","protected":false},"author":4,"featured_media":6413,"comment_status":"open","ping_status":"open","sticky":false,"template":"","format":"standard","meta":{"om_disable_all_campaigns":false,"_monsterinsights_skip_tracking":false,"_monsterinsights_sitenote_active":false,"_monsterinsights_sitenote_note":"","_monsterinsights_sitenote_category":0,"footnotes":""},"categories":[175],"tags":[195,223],"class_list":["post-6412","post","type-post","status-publish","format-standard","has-post-thumbnail","hentry","category-local","tag-principal","tag-puebla"],"amp_enabled":true,"_links":{"self":[{"href":"https:\/\/lahora.mx\/index.php\/wp-json\/wp\/v2\/posts\/6412","targetHints":{"allow":["GET"]}}],"collection":[{"href":"https:\/\/lahora.mx\/index.php\/wp-json\/wp\/v2\/posts"}],"about":[{"href":"https:\/\/lahora.mx\/index.php\/wp-json\/wp\/v2\/types\/post"}],"author":[{"embeddable":true,"href":"https:\/\/lahora.mx\/index.php\/wp-json\/wp\/v2\/users\/4"}],"replies":[{"embeddable":true,"href":"https:\/\/lahora.mx\/index.php\/wp-json\/wp\/v2\/comments?post=6412"}],"version-history":[{"count":1,"href":"https:\/\/lahora.mx\/index.php\/wp-json\/wp\/v2\/posts\/6412\/revisions"}],"predecessor-version":[{"id":6414,"href":"https:\/\/lahora.mx\/index.php\/wp-json\/wp\/v2\/posts\/6412\/revisions\/6414"}],"wp:featuredmedia":[{"embeddable":true,"href":"https:\/\/lahora.mx\/index.php\/wp-json\/wp\/v2\/media\/6413"}],"wp:attachment":[{"href":"https:\/\/lahora.mx\/index.php\/wp-json\/wp\/v2\/media?parent=6412"}],"wp:term":[{"taxonomy":"category","embeddable":true,"href":"https:\/\/lahora.mx\/index.php\/wp-json\/wp\/v2\/categories?post=6412"},{"taxonomy":"post_tag","embeddable":true,"href":"https:\/\/lahora.mx\/index.php\/wp-json\/wp\/v2\/tags?post=6412"}],"curies":[{"name":"wp","href":"https:\/\/api.w.org\/{rel}","templated":true}]}}