{"id":64114,"date":"2025-06-25T00:41:32","date_gmt":"2025-06-25T00:41:32","guid":{"rendered":"https:\/\/lahora.mx\/?p=64114"},"modified":"2025-06-25T00:41:32","modified_gmt":"2025-06-25T00:41:32","slug":"suman-64-denuncias-por-falta-de-pago-de-utilidades-en-empresas-de-puebla","status":"publish","type":"post","link":"https:\/\/lahora.mx\/index.php\/2025\/06\/25\/suman-64-denuncias-por-falta-de-pago-de-utilidades-en-empresas-de-puebla\/","title":{"rendered":"Suman 64 denuncias por falta de pago de utilidades en empresas de Puebla"},"content":{"rendered":"\n<p>A la fecha, suman un total de 64 denuncias interpuestas debido a la falta de pago de utilidades por parte de empresas a trabajadores, quienes tendr\u00e1n que regularizarse o de lo contrario, avanzar\u00e1n hacia la federaci\u00f3n.<br><br>Martes, 24 de Junio de 2025 18:58|Anah\u00ed Valdez<br>Puebla, Pue.- A la fecha, suman un total de 64 denuncias interpuestas debido a la falta de pago de utilidades por parte de empresas a trabajadores, quienes tendr\u00e1n que regularizarse o de lo contrario, avanzar\u00e1n hacia la federaci\u00f3n.<\/p>\n\n\n\n<p>Aranceles al acero impactan en Puebla y la obra privada disminuyeEn entrevista con medios de comunicaci\u00f3n, el titular de la Secretar\u00eda de Desarrollo Econ\u00f3mico y Trabajo (Sedetra), V\u00edctor Gabriel Chedraui, se\u00f1al\u00f3 que al respecto, ya se est\u00e1n iniciando las inspecciones correspondientes.<\/p>\n\n\n\n<p>Los se\u00f1alados tienen cinco d\u00edas para poder depositar a sus empleados esta prestaci\u00f3n, cuya fecha l\u00edmite para abonarla era hasta el pasado 31 de mayo. En caso de que pasen de la fecha, el reporte se env\u00eda al gobierno federal.<\/p>\n\n\n\n<p>Principalmente en Puebla capital y de la zona conurbada del estado, son originarias las empresas que han incumplido, de donde m\u00e1s se han reunido reportes.<\/p>\n\n\n\n<p>Comercios, industrias y textileras, son los rubros en las cuales se ha detectado este problema, derivado de llamadas de manera an\u00f3nima que llegan a la dependencia estatal.<\/p>\n\n\n\n<p>\u00abProbablemente hay falta de comunicaci\u00f3n con las empresas para explicarles c\u00f3mo es el reparto de utilidades\u00bb, se\u00f1al\u00f3.<\/p>\n\n\n\n<p>El funcionario estatal espera que sea en 15 o 20 d\u00edas cuando tenga un informe integral del nombre de las firmas que incumplieron con el pago de utilidades, pues las quejas aumentaron en este 2025.<\/p>\n","protected":false},"excerpt":{"rendered":"<p>A la fecha, suman un total de 64 denuncias interpuestas debido a la falta de pago de utilidades por parte de empresas a trabajadores, quienes tendr\u00e1n que regularizarse o de lo contrario, avanzar\u00e1n hacia la federaci\u00f3n. Martes, 24 de Junio de 2025 18:58|Anah\u00ed ValdezPuebla, Pue.- A la fecha, suman un total de 64 denuncias interpuestas [&hellip;]<\/p>\n","protected":false},"author":4,"featured_media":64115,"comment_status":"open","ping_status":"open","sticky":false,"template":"","format":"standard","meta":{"om_disable_all_campaigns":false,"_monsterinsights_skip_tracking":false,"_monsterinsights_sitenote_active":false,"_monsterinsights_sitenote_note":"","_monsterinsights_sitenote_category":0,"footnotes":""},"categories":[2],"tags":[],"class_list":["post-64114","post","type-post","status-publish","format-standard","has-post-thumbnail","hentry","category-negocios"],"amp_enabled":true,"_links":{"self":[{"href":"https:\/\/lahora.mx\/index.php\/wp-json\/wp\/v2\/posts\/64114","targetHints":{"allow":["GET"]}}],"collection":[{"href":"https:\/\/lahora.mx\/index.php\/wp-json\/wp\/v2\/posts"}],"about":[{"href":"https:\/\/lahora.mx\/index.php\/wp-json\/wp\/v2\/types\/post"}],"author":[{"embeddable":true,"href":"https:\/\/lahora.mx\/index.php\/wp-json\/wp\/v2\/users\/4"}],"replies":[{"embeddable":true,"href":"https:\/\/lahora.mx\/index.php\/wp-json\/wp\/v2\/comments?post=64114"}],"version-history":[{"count":1,"href":"https:\/\/lahora.mx\/index.php\/wp-json\/wp\/v2\/posts\/64114\/revisions"}],"predecessor-version":[{"id":64116,"href":"https:\/\/lahora.mx\/index.php\/wp-json\/wp\/v2\/posts\/64114\/revisions\/64116"}],"wp:featuredmedia":[{"embeddable":true,"href":"https:\/\/lahora.mx\/index.php\/wp-json\/wp\/v2\/media\/64115"}],"wp:attachment":[{"href":"https:\/\/lahora.mx\/index.php\/wp-json\/wp\/v2\/media?parent=64114"}],"wp:term":[{"taxonomy":"category","embeddable":true,"href":"https:\/\/lahora.mx\/index.php\/wp-json\/wp\/v2\/categories?post=64114"},{"taxonomy":"post_tag","embeddable":true,"href":"https:\/\/lahora.mx\/index.php\/wp-json\/wp\/v2\/tags?post=64114"}],"curies":[{"name":"wp","href":"https:\/\/api.w.org\/{rel}","templated":true}]}}