{"id":64105,"date":"2025-06-25T00:39:00","date_gmt":"2025-06-25T00:39:00","guid":{"rendered":"https:\/\/lahora.mx\/?p=64105"},"modified":"2025-06-25T00:39:00","modified_gmt":"2025-06-25T00:39:00","slug":"sep-confirma-suspension-de-clases-el-27-de-junio-por-consejo-tecnico","status":"publish","type":"post","link":"https:\/\/lahora.mx\/index.php\/2025\/06\/25\/sep-confirma-suspension-de-clases-el-27-de-junio-por-consejo-tecnico\/","title":{"rendered":"SEP confirma suspensi\u00f3n de clases el 27 de junio por Consejo T\u00e9cnico"},"content":{"rendered":"\n<p>A pocos d\u00edas de concluir el ciclo escolar 2024-2025, la Secretar\u00eda de Educaci\u00f3n P\u00fablica (SEP) inform\u00f3 que el viernes 27 de junio no habr\u00e1 clases para estudiantes de educaci\u00f3n b\u00e1sica en todo el pa\u00eds, ya que se llevar\u00e1 a cabo la \u00faltima sesi\u00f3n del Consejo T\u00e9cnico Escolar (CTE).<\/p>\n\n\n\n<p>La suspensi\u00f3n de actividades aplicar\u00e1 para alumnas y alumnos de preescolar, primaria y secundaria en planteles p\u00fablicos y privados incorporados al sistema federal. Con esto, muchas familias aprovechar\u00e1n para disfrutar de un fin de semana largo, previo al receso oficial de verano.<\/p>\n\n\n\n<p>\u00bfPor qu\u00e9 no habr\u00e1 clases el 27 de junio?<\/p>\n\n\n\n<p>De acuerdo con el calendario oficial de la SEP, los Consejos T\u00e9cnicos Escolares se realizan de forma mensual y est\u00e1n pensados como espacios en los que los docentes y directivos trabajan en la mejora continua del sistema educativo. En estas sesiones se revisan avances, se comparten experiencias y se trazan estrategias para fortalecer los aprendizajes de los estudiantes.<\/p>\n\n\n\n<p>Este viernes 27 ser\u00e1 la \u00faltima sesi\u00f3n del ciclo escolar, por lo que representa el \u00faltimo d\u00eda de suspensi\u00f3n antes de las vacaciones. Aunque para los estudiantes es un descanso, para el personal docente sigue siendo una jornada laboral con actividades dentro de las escuelas.<\/p>\n\n\n\n<p>Fin de clases: \u00bfcu\u00e1ndo empiezan las vacaciones de verano?<\/p>\n\n\n\n<p>El ciclo lectivo actual est\u00e1 programado para concluir el martes 16 de julio, fecha en la que se dar\u00e1 cierre formal al a\u00f1o escolar 2024-2025. A partir de ah\u00ed, los estudiantes iniciar\u00e1n el receso de verano, con duraci\u00f3n aproximada de seis semanas, antes de regresar a las aulas en agosto (fecha por confirmar seg\u00fan el pr\u00f3ximo calendario oficial).<\/p>\n\n\n\n<p>Sin embargo, algunas escuelas del estado de Chihuahua ya suspendieron clases desde el 20 de junio debido a las altas temperaturas que afectan a la regi\u00f3n norte del pa\u00eds. En varios municipios, las autoridades locales autorizaron el inicio anticipado del receso para proteger la salud de ni\u00f1as, ni\u00f1os y adolescentes ante el calor extremo.<\/p>\n\n\n\n<p>Lo que sigue para las escuelas<\/p>\n\n\n\n<p>Tras el CTE del 27 de junio, a\u00fan quedar\u00e1n dos semanas completas de clases. Durante ese tiempo se llevar\u00e1n a cabo las evaluaciones finales, entrega de boletas y ceremonias de clausura en muchas instituciones. Adem\u00e1s, la SEP y las autoridades estatales comenzar\u00e1n la preparaci\u00f3n del pr\u00f3ximo calendario escolar.<\/p>\n\n\n\n<p>Es importante que madres, padres y tutores consulten los canales oficiales de cada plantel para conocer detalles espec\u00edficos sobre horarios de cierre, requisitos para inscripciones y fechas clave de regreso.<\/p>\n","protected":false},"excerpt":{"rendered":"<p>A pocos d\u00edas de concluir el ciclo escolar 2024-2025, la Secretar\u00eda de Educaci\u00f3n P\u00fablica (SEP) inform\u00f3 que el viernes 27 de junio no habr\u00e1 clases para estudiantes de educaci\u00f3n b\u00e1sica en todo el pa\u00eds, ya que se llevar\u00e1 a cabo la \u00faltima sesi\u00f3n del Consejo T\u00e9cnico Escolar (CTE). La suspensi\u00f3n de actividades aplicar\u00e1 para alumnas [&hellip;]<\/p>\n","protected":false},"author":4,"featured_media":64106,"comment_status":"open","ping_status":"open","sticky":false,"template":"","format":"standard","meta":{"om_disable_all_campaigns":false,"_monsterinsights_skip_tracking":false,"_monsterinsights_sitenote_active":false,"_monsterinsights_sitenote_note":"","_monsterinsights_sitenote_category":0,"footnotes":""},"categories":[175,176],"tags":[195],"class_list":["post-64105","post","type-post","status-publish","format-standard","has-post-thumbnail","hentry","category-local","category-nacional","tag-principal"],"amp_enabled":true,"_links":{"self":[{"href":"https:\/\/lahora.mx\/index.php\/wp-json\/wp\/v2\/posts\/64105","targetHints":{"allow":["GET"]}}],"collection":[{"href":"https:\/\/lahora.mx\/index.php\/wp-json\/wp\/v2\/posts"}],"about":[{"href":"https:\/\/lahora.mx\/index.php\/wp-json\/wp\/v2\/types\/post"}],"author":[{"embeddable":true,"href":"https:\/\/lahora.mx\/index.php\/wp-json\/wp\/v2\/users\/4"}],"replies":[{"embeddable":true,"href":"https:\/\/lahora.mx\/index.php\/wp-json\/wp\/v2\/comments?post=64105"}],"version-history":[{"count":1,"href":"https:\/\/lahora.mx\/index.php\/wp-json\/wp\/v2\/posts\/64105\/revisions"}],"predecessor-version":[{"id":64107,"href":"https:\/\/lahora.mx\/index.php\/wp-json\/wp\/v2\/posts\/64105\/revisions\/64107"}],"wp:featuredmedia":[{"embeddable":true,"href":"https:\/\/lahora.mx\/index.php\/wp-json\/wp\/v2\/media\/64106"}],"wp:attachment":[{"href":"https:\/\/lahora.mx\/index.php\/wp-json\/wp\/v2\/media?parent=64105"}],"wp:term":[{"taxonomy":"category","embeddable":true,"href":"https:\/\/lahora.mx\/index.php\/wp-json\/wp\/v2\/categories?post=64105"},{"taxonomy":"post_tag","embeddable":true,"href":"https:\/\/lahora.mx\/index.php\/wp-json\/wp\/v2\/tags?post=64105"}],"curies":[{"name":"wp","href":"https:\/\/api.w.org\/{rel}","templated":true}]}}