{"id":64102,"date":"2025-06-25T00:37:43","date_gmt":"2025-06-25T00:37:43","guid":{"rendered":"https:\/\/lahora.mx\/?p=64102"},"modified":"2025-06-25T00:37:44","modified_gmt":"2025-06-25T00:37:44","slug":"cumple-armenta-compromiso-de-campana-al-inaugurar-la-fabrica-de-paneles-solares-tonalli","status":"publish","type":"post","link":"https:\/\/lahora.mx\/index.php\/2025\/06\/25\/cumple-armenta-compromiso-de-campana-al-inaugurar-la-fabrica-de-paneles-solares-tonalli\/","title":{"rendered":"Cumple Armenta compromiso de campa\u00f1a al inaugurar la F\u00e1brica de Paneles Solares Tonalli"},"content":{"rendered":"\n<p>Al entregar el Sello de Hecho en M\u00e9xico al gobernador de Puebla, Alejandro Armenta, por la creaci\u00f3n de la F\u00e1brica de Paneles Solares \u00abTonalli\u00bb, la titular del Sector de Energ\u00eda y de la Industria del Mueble y del Juguete, Diana Aurora Le\u00f3n Cuadra, en representaci\u00f3n del secretario de Econom\u00eda, Marcelo Ebrard del Gobierno de M\u00e9xico, calific\u00f3 como un hecho hist\u00f3rico la primera industria de paneles en el pa\u00eds. \u00abHoy es un hecho, dicen en Puebla, lo que se promete en campa\u00f1a se cumple, felicidades se\u00f1or gobernador\u00bb, asever\u00f3.<br><br>La funcionaria sentenci\u00f3 que desde el Gobierno de la presidenta Claudia Sheinbaum, se impulsa el Plan M\u00e9xico como una hoja de ruta hacia la transformaci\u00f3n productiva con justicia social, energ\u00e9tica y sobre todo territorial, por ello la f\u00e1brica es un ejemplo de ese compromiso, ya que genera empleo, impulsa la innovaci\u00f3n y ofrece soluciones frente al cambio clim\u00e1tico. \u00abEl Sello Hecho en M\u00e9xico representa m\u00e1s que un cumplimiento t\u00e9cnico, es una declaraci\u00f3n de identidad\u201d, afirm\u00f3 Diana Aurora Le\u00f3n, al tiempo de se\u00f1alar que en el pa\u00eds se puede producir con excelencia, innovaci\u00f3n y tecnolog\u00eda.<\/p>\n\n\n\n<p>Bajo la visi\u00f3n de inclusi\u00f3n, prosperidad compartida, riqueza comunitaria, el gobernador Alejandro Armenta, se\u00f1al\u00f3 que el desarrollo de la energ\u00eda en Puebla no es una moda, es una pol\u00edtica de estado para el impulso de las presentes y futuras generaciones. \u201cEn Puebla entendemos que apostarle a la tecnolog\u00eda es apostar al desarrollo, el objetivo es lograr la soberan\u00eda tecnol\u00f3gica\u201d.<\/p>\n\n\n\n<p>\u00abEl desarrollo de la energ\u00eda en Puebla es pol\u00edtica de estado, no es una moda, no es un programa, es una pol\u00edtica del estado para el desarrollo de esta y las futuras generaciones\u00bb, asever\u00f3 el gobernador Alejandro Armenta.<\/p>\n\n\n\n<p>La nueva f\u00e1brica representa grandes beneficios en la disminuci\u00f3n de costos de la energ\u00eda el\u00e9ctrica, en este sentido el mandatario detall\u00f3 que en la entidad hay 800 escuelas que por diversas circunstancias no cuentan con luz, por ello para este a\u00f1o se destinar\u00e1n 400 paneles solares y para 2026 otros 400 m\u00e1s, para que ninguna escuela en Puebla se quede sin energ\u00eda el\u00e9ctrica, y las y los maestros as\u00ed como padres de familia no tengan que pagar por el consumo de energ\u00eda.<\/p>\n\n\n\n<p>En su participaci\u00f3n, el director de la Agencia de Energ\u00eda, Rodolfo Camacho, se\u00f1al\u00f3 que la F\u00e1brica de Paneles Solares es fruto de una alianza \u00fanica entre gobierno, sector privado y comunidad migrante. Destac\u00f3 que este proyecto impulsa una econom\u00eda verde y coloca a Puebla a la vanguardia en energ\u00edas renovables.<\/p>\n\n\n\n<p>Rodolfo Camacho resalt\u00f3 que la f\u00e1brica generar\u00e1 empleos verdes, fortalecer\u00e1 la econom\u00eda local y llevar\u00e1 energ\u00eda a comunidades marginadas. Subray\u00f3 que Puebla avanza hacia un modelo energ\u00e9tico justo, sustentable e incluyente, alineado con la visi\u00f3n de la presidenta de M\u00e9xico, Claudia Sheinbaum. \u201cNo se trata solo de producir energ\u00eda, sino de garantizar que llegue a quienes m\u00e1s la necesitan\u201d, afirm\u00f3.<\/p>\n\n\n\n<p>La secretaria de Ciencia, Humanidades, Tecnolog\u00eda e Innovaci\u00f3n, Celina Pe\u00f1a Guzm\u00e1n, se\u00f1al\u00f3 que con la visi\u00f3n integral del gobernador, la tecnolog\u00eda representa inclusi\u00f3n, ello para encaminar al pa\u00eds y a Puebla a la soberan\u00eda tecnol\u00f3gica. La secretaria record\u00f3 que el Estado de Puebla participa en 10 de 10 proyectos estrat\u00e9gicos de la presidenta de M\u00e9xico, a fin de llevar a Puebla a ser la capital de la tecnolog\u00eda.<\/p>\n\n\n\n<p>Por su parte, el empresario Bernardo \u00c1lvarez Ibarra, puntualiz\u00f3 que la f\u00e1brica es resultado de una planeaci\u00f3n y coordinaci\u00f3n entre todos los participantes. Detall\u00f3 que Tonalli tiene la capacidad de producir 200 mil paneles al a\u00f1o y ser\u00e1 una herramienta que transformar\u00e1 la vida de miles de personas. Inform\u00f3 que la f\u00e1brica generar\u00e1 200 empleos directos y m\u00e1s de mil empleos indirectos.<\/p>\n","protected":false},"excerpt":{"rendered":"<p>Al entregar el Sello de Hecho en M\u00e9xico al gobernador de Puebla, Alejandro Armenta, por la creaci\u00f3n de la F\u00e1brica de Paneles Solares \u00abTonalli\u00bb, la titular del Sector de Energ\u00eda y de la Industria del Mueble y del Juguete, Diana Aurora Le\u00f3n Cuadra, en representaci\u00f3n del secretario de Econom\u00eda, Marcelo Ebrard del Gobierno de M\u00e9xico, [&hellip;]<\/p>\n","protected":false},"author":4,"featured_media":64103,"comment_status":"open","ping_status":"open","sticky":false,"template":"","format":"standard","meta":{"om_disable_all_campaigns":false,"_monsterinsights_skip_tracking":false,"_monsterinsights_sitenote_active":false,"_monsterinsights_sitenote_note":"","_monsterinsights_sitenote_category":0,"footnotes":""},"categories":[175],"tags":[239,195,223],"class_list":["post-64102","post","type-post","status-publish","format-standard","has-post-thumbnail","hentry","category-local","tag-gobierno","tag-principal","tag-puebla"],"amp_enabled":true,"_links":{"self":[{"href":"https:\/\/lahora.mx\/index.php\/wp-json\/wp\/v2\/posts\/64102","targetHints":{"allow":["GET"]}}],"collection":[{"href":"https:\/\/lahora.mx\/index.php\/wp-json\/wp\/v2\/posts"}],"about":[{"href":"https:\/\/lahora.mx\/index.php\/wp-json\/wp\/v2\/types\/post"}],"author":[{"embeddable":true,"href":"https:\/\/lahora.mx\/index.php\/wp-json\/wp\/v2\/users\/4"}],"replies":[{"embeddable":true,"href":"https:\/\/lahora.mx\/index.php\/wp-json\/wp\/v2\/comments?post=64102"}],"version-history":[{"count":1,"href":"https:\/\/lahora.mx\/index.php\/wp-json\/wp\/v2\/posts\/64102\/revisions"}],"predecessor-version":[{"id":64104,"href":"https:\/\/lahora.mx\/index.php\/wp-json\/wp\/v2\/posts\/64102\/revisions\/64104"}],"wp:featuredmedia":[{"embeddable":true,"href":"https:\/\/lahora.mx\/index.php\/wp-json\/wp\/v2\/media\/64103"}],"wp:attachment":[{"href":"https:\/\/lahora.mx\/index.php\/wp-json\/wp\/v2\/media?parent=64102"}],"wp:term":[{"taxonomy":"category","embeddable":true,"href":"https:\/\/lahora.mx\/index.php\/wp-json\/wp\/v2\/categories?post=64102"},{"taxonomy":"post_tag","embeddable":true,"href":"https:\/\/lahora.mx\/index.php\/wp-json\/wp\/v2\/tags?post=64102"}],"curies":[{"name":"wp","href":"https:\/\/api.w.org\/{rel}","templated":true}]}}