{"id":64093,"date":"2025-06-24T17:01:42","date_gmt":"2025-06-24T17:01:42","guid":{"rendered":"https:\/\/lahora.mx\/?p=64093"},"modified":"2025-06-24T17:01:42","modified_gmt":"2025-06-24T17:01:42","slug":"que-ciberasedio-no-aplique-en-criticas-a-funcionarios-sugiere-sheinbaum","status":"publish","type":"post","link":"https:\/\/lahora.mx\/index.php\/2025\/06\/24\/que-ciberasedio-no-aplique-en-criticas-a-funcionarios-sugiere-sheinbaum\/","title":{"rendered":"Que ciberasedio no aplique en cr\u00edticas a funcionarios, sugiere Sheinbaum"},"content":{"rendered":"\n<p>La presidenta Claudia Sheinbaum sugiri\u00f3 que se clarifique la Ley de Ciberasedio para que no se confunda que es para proteger a los funcionarios p\u00fablicos y reiter\u00f3 su postura a favor de la libertad de expresi\u00f3n.<\/p>\n\n\n\n<p>En la ma\u00f1anera de hoy se mostr\u00f3 a favor de una legislaci\u00f3n que sancione los insultos que ocurren en redes sociales, pues coment\u00f3 que estos muchas veces ya se refieren al aspecto f\u00edsico de las personas y no de temas pol\u00edticos.<\/p>\n\n\n\n<p>Por lo que defendi\u00f3 el objetivo de esta ley que aprob\u00f3 el Congreso del Estado y explic\u00f3 que este tema ya existe en otras entidades como Nuevo Le\u00f3n y Coahuila.<\/p>\n\n\n\n<p>\u00abEn mi caso lo he dicho en cualquier tema es libertad de expresi\u00f3n. Pero el nivel de cr\u00edticas al que han llegado contra una mujer gobernadora, una mujer, cualquiera que sea su partido pol\u00edtico de esta persona vinculadas a su f\u00edsico, no tiene nada que ver con lo pol\u00edtico, sino una cr\u00edtica despiadada\u00bb, expuso.<\/p>\n\n\n\n<p>Sin embargo, sugiri\u00f3 que la Ley de Ciberasedio pueda ser modificada en su art\u00edculo 480 del C\u00f3digo Penal para aclarar que no se refiere a proteger a los funcionarios p\u00fablicos.<\/p>\n\n\n\n<p>Adem\u00e1s, reiter\u00f3 que su posici\u00f3n siempre ser\u00e1 a favor de la libertad de expresi\u00f3n en cualquier \u00e1mbito, pues es algo que defiende el movimiento de la Cuarta Transformaci\u00f3n.<\/p>\n\n\n\n<p>\u00abEl tema de Puebla es una ley que tiene que ver con el ciberacoso, en un sentido muy amplio que present\u00f3 el gobernador Armenta. Entonces de ah\u00ed lo derivaron que era una ley dedicada a sancionar y a censurar aquel que hable mal del gobernador en las redes sociales, que tenga que clarificarse se clarifica (\u2026) En todo caso que ah\u00ed quede establecido en la ley que no tiene que ver con los funcionarios p\u00fablicos\u00bb, enfatiz\u00f3.<\/p>\n\n\n\n<p><\/p>\n\n\n\n<p>CNDH exhorta al gobierno a revisar Ley de Ciberasedio<br>Recientemente la Comisi\u00f3n Nacional de los Derechos Humanos (CNDH) exhort\u00f3 al gobierno del estado a revisar este art\u00edculo del C\u00f3digo Penal y garantizar el pleno respeto a la libertad de expresi\u00f3n.<\/p>\n\n\n\n<p>De acuerdo con el art\u00edculo 480 del C\u00f3digo Penal, establece que una persona cometer\u00e1 el delito de ciberasedio que, por medio de redes sociales, correo electr\u00f3nico, plataformas digitales, insulte, injurie o veje a otra persona con insistencia para causarle un da\u00f1o f\u00edsico o emocional.<\/p>\n\n\n\n<p>Las sanciones que se establecen para este delito van de los 11 meses a 3 a\u00f1os de prisi\u00f3n e incrementa en caso de que la v\u00edctima sea menor de edad de 1\/3 a 2\/3.<\/p>\n","protected":false},"excerpt":{"rendered":"<p>La presidenta Claudia Sheinbaum sugiri\u00f3 que se clarifique la Ley de Ciberasedio para que no se confunda que es para proteger a los funcionarios p\u00fablicos y reiter\u00f3 su postura a favor de la libertad de expresi\u00f3n. En la ma\u00f1anera de hoy se mostr\u00f3 a favor de una legislaci\u00f3n que sancione los insultos que ocurren en [&hellip;]<\/p>\n","protected":false},"author":4,"featured_media":64094,"comment_status":"open","ping_status":"open","sticky":false,"template":"","format":"standard","meta":{"om_disable_all_campaigns":false,"_monsterinsights_skip_tracking":false,"_monsterinsights_sitenote_active":false,"_monsterinsights_sitenote_note":"","_monsterinsights_sitenote_category":0,"footnotes":""},"categories":[176],"tags":[],"class_list":["post-64093","post","type-post","status-publish","format-standard","has-post-thumbnail","hentry","category-nacional"],"amp_enabled":true,"_links":{"self":[{"href":"https:\/\/lahora.mx\/index.php\/wp-json\/wp\/v2\/posts\/64093","targetHints":{"allow":["GET"]}}],"collection":[{"href":"https:\/\/lahora.mx\/index.php\/wp-json\/wp\/v2\/posts"}],"about":[{"href":"https:\/\/lahora.mx\/index.php\/wp-json\/wp\/v2\/types\/post"}],"author":[{"embeddable":true,"href":"https:\/\/lahora.mx\/index.php\/wp-json\/wp\/v2\/users\/4"}],"replies":[{"embeddable":true,"href":"https:\/\/lahora.mx\/index.php\/wp-json\/wp\/v2\/comments?post=64093"}],"version-history":[{"count":1,"href":"https:\/\/lahora.mx\/index.php\/wp-json\/wp\/v2\/posts\/64093\/revisions"}],"predecessor-version":[{"id":64095,"href":"https:\/\/lahora.mx\/index.php\/wp-json\/wp\/v2\/posts\/64093\/revisions\/64095"}],"wp:featuredmedia":[{"embeddable":true,"href":"https:\/\/lahora.mx\/index.php\/wp-json\/wp\/v2\/media\/64094"}],"wp:attachment":[{"href":"https:\/\/lahora.mx\/index.php\/wp-json\/wp\/v2\/media?parent=64093"}],"wp:term":[{"taxonomy":"category","embeddable":true,"href":"https:\/\/lahora.mx\/index.php\/wp-json\/wp\/v2\/categories?post=64093"},{"taxonomy":"post_tag","embeddable":true,"href":"https:\/\/lahora.mx\/index.php\/wp-json\/wp\/v2\/tags?post=64093"}],"curies":[{"name":"wp","href":"https:\/\/api.w.org\/{rel}","templated":true}]}}