{"id":64087,"date":"2025-06-24T16:59:15","date_gmt":"2025-06-24T16:59:15","guid":{"rendered":"https:\/\/lahora.mx\/?p=64087"},"modified":"2025-06-24T16:59:16","modified_gmt":"2025-06-24T16:59:16","slug":"netanyahu-afirma-que-ha-logrado-objetivos-belicos-vs-iran","status":"publish","type":"post","link":"https:\/\/lahora.mx\/index.php\/2025\/06\/24\/netanyahu-afirma-que-ha-logrado-objetivos-belicos-vs-iran\/","title":{"rendered":"Netanyahu afirma que ha logrado objetivos b\u00e9licos vs Ir\u00e1n"},"content":{"rendered":"\n<p>El primer ministro israel\u00ed, Benjamin Netanyahu, dijo que Israel acepta el alto al fuego propuesto por el presidente de Estados Unidos, Donald Trump, y que ha logrado sus objetivos b\u00e9licos contra Ir\u00e1n.<\/p>\n\n\n\n<p>De acuerdo con un comunicado de la oficina del primer ministro israel\u00ed, Netanyahu declar\u00f3 que Israel ha logrado su objetivo de eliminar la amenaza nuclear y de misiles bal\u00edsticos de Ir\u00e1n.<\/p>\n\n\n\n<p>La cadena de televisi\u00f3n iran\u00ed Press TV dijo a primera hora del martes que el alto el fuego comienza tras oleadas de ataques iran\u00edes contra Israel.<\/p>\n\n\n\n<p>La aceptaci\u00f3n del alto el fuego por ambas partes se produjo despu\u00e9s de que militares israel\u00edes dijeran que estaban trabajando para interceptar misiles iran\u00edes lanzados \u00abhace un rato\u00bb, sin especificar el momento exacto del ataque.<\/p>\n\n\n\n<p>\u00abHace un rato sonaron sirenas en varias zonas de Israel tras la identificaci\u00f3n de misiles lanzados desde Ir\u00e1n hacia el Estado de Israel\u00bb, dijo el Ej\u00e9rcito en un comunicado publicado en la plataforma de mensajer\u00eda Telegram hacia las 05:00 hora local (02:00 GMT). Desde entonces, Ir\u00e1n ha lanzado oleadas de misiles contra Israel, seg\u00fan los medios estatales iran\u00edes.<\/p>\n\n\n\n<p>Trump anuncia alto al fuego<br>Trump hab\u00eda anunciado anteriormente que un alto al fuego entre las dos partes comenzar\u00eda alrededor de las 04:00 GMT, y se esperaba que Ir\u00e1n detuviera sus operaciones primero.<\/p>\n\n\n\n<p>El ministro iran\u00ed de Asuntos Exteriores, Abbas Araqchi, dijo anteriormente que no hab\u00eda \u00abacuerdo\u00bb sobre un alto al fuego entre Ir\u00e1n e Israel. Sin embargo, sugiri\u00f3 que Ir\u00e1n estar\u00eda dispuesto a detener las represalias si los ataques israel\u00edes cesaban antes de las 04:00 hora de Teher\u00e1n (00:30 GMT).<\/p>\n\n\n\n<p>\u00abSi Israel detiene su agresi\u00f3n ilegal contra el pueblo iran\u00ed no m\u00e1s tarde de las cuatro de la madrugada, Ir\u00e1n no tiene intenci\u00f3n de continuar su respuesta despu\u00e9s\u00bb de dicha hora, escribi\u00f3 Araqchi en un post en la red social X, a\u00f1adiendo que \u00abla decisi\u00f3n final sobre el cese de nuestras operaciones militares se tomar\u00e1 m\u00e1s adelante\u00bb.<\/p>\n\n\n\n<p>Horas antes, un alto funcionario iran\u00ed dijo a la CNN que Teher\u00e1n no hab\u00eda recibido ninguna propuesta formal de alto al fuego por parte de Estados Unidos y no ve\u00eda ninguna raz\u00f3n para detener las hostilidades.<\/p>\n\n\n\n<p>\u00abEn este preciso momento, el enemigo est\u00e1 cometiendo una agresi\u00f3n contra Ir\u00e1n, e Ir\u00e1n est\u00e1 a punto de intensificar sus ataques de represalia, sin o\u00eddos para escuchar las mentiras de sus enemigos\u00bb, se cit\u00f3 al funcionario, que a\u00f1adi\u00f3 que las declaraciones de los dirigentes estadounidenses e israel\u00edes se considerar\u00edan un \u00abenga\u00f1o\u00bb destinado a justificar nuevos ataques contra Ir\u00e1n.<\/p>\n\n\n\n<p>Los discursos contradictorios suscitaron dudas sobre la aplicaci\u00f3n y la durabilidad de un posible alto al fuego. Sigue sin estar claro si el supuesto acuerdo se hab\u00eda comunicado a trav\u00e9s de canales diplom\u00e1ticos, o si alguna de las partes ten\u00eda la intenci\u00f3n de seguir los t\u00e9rminos.<\/p>\n\n\n\n<p>Trump anunci\u00f3 el lunes por la noche que Israel e Ir\u00e1n hab\u00edan llegado a un acuerdo formal para implementar un alto al fuego completo y total, marcando lo que \u00e9l llam\u00f3 el final de la \u00abGuerra de los Doce D\u00edas\u00bb.<\/p>\n\n\n\n<p>En un post en su red social, Truth Social, el lunes, Trump dijo que el alto al fuego durar\u00eda inicialmente 12 horas, durante las cuales los bandos enfrentados mantendr\u00e1n una postura de \u00abpaz y respeto\u00bb.<\/p>\n\n\n\n<p>\u00abEn el supuesto de que todo funcione como deber\u00eda, que lo har\u00e1\u00bb, escribi\u00f3 Trump, \u00abme gustar\u00eda felicitar a ambos pa\u00edses \u2026 por tener la resistencia, el coraje y la inteligencia para poner fin a lo que deber\u00eda llamarse &#8216;LA GUERRA DE LOS 12 D\u00cdAS'\u00bb.<\/p>\n\n\n\n<p>Calificando el acuerdo como un gran avance que \u00abpodr\u00eda haber salvado a Oriente Medio de a\u00f1os de destrucci\u00f3n\u00bb, Trump termin\u00f3 su anuncio con un amplio mensaje de unidad. \u00ab\u00a1Dios bendiga a Israel, Dios bendiga a Ir\u00e1n, Dios bendiga a Oriente Medio, Dios bendiga a Estados Unidos de Am\u00e9rica y DIOS BENDIGA AL MUNDO!\u00bb, escribi\u00f3.<\/p>\n","protected":false},"excerpt":{"rendered":"<p>El primer ministro israel\u00ed, Benjamin Netanyahu, dijo que Israel acepta el alto al fuego propuesto por el presidente de Estados Unidos, Donald Trump, y que ha logrado sus objetivos b\u00e9licos contra Ir\u00e1n. De acuerdo con un comunicado de la oficina del primer ministro israel\u00ed, Netanyahu declar\u00f3 que Israel ha logrado su objetivo de eliminar la [&hellip;]<\/p>\n","protected":false},"author":4,"featured_media":64088,"comment_status":"open","ping_status":"open","sticky":false,"template":"","format":"standard","meta":{"om_disable_all_campaigns":false,"_monsterinsights_skip_tracking":false,"_monsterinsights_sitenote_active":false,"_monsterinsights_sitenote_note":"","_monsterinsights_sitenote_category":0,"footnotes":""},"categories":[183],"tags":[],"class_list":["post-64087","post","type-post","status-publish","format-standard","has-post-thumbnail","hentry","category-internacional"],"amp_enabled":true,"_links":{"self":[{"href":"https:\/\/lahora.mx\/index.php\/wp-json\/wp\/v2\/posts\/64087","targetHints":{"allow":["GET"]}}],"collection":[{"href":"https:\/\/lahora.mx\/index.php\/wp-json\/wp\/v2\/posts"}],"about":[{"href":"https:\/\/lahora.mx\/index.php\/wp-json\/wp\/v2\/types\/post"}],"author":[{"embeddable":true,"href":"https:\/\/lahora.mx\/index.php\/wp-json\/wp\/v2\/users\/4"}],"replies":[{"embeddable":true,"href":"https:\/\/lahora.mx\/index.php\/wp-json\/wp\/v2\/comments?post=64087"}],"version-history":[{"count":1,"href":"https:\/\/lahora.mx\/index.php\/wp-json\/wp\/v2\/posts\/64087\/revisions"}],"predecessor-version":[{"id":64089,"href":"https:\/\/lahora.mx\/index.php\/wp-json\/wp\/v2\/posts\/64087\/revisions\/64089"}],"wp:featuredmedia":[{"embeddable":true,"href":"https:\/\/lahora.mx\/index.php\/wp-json\/wp\/v2\/media\/64088"}],"wp:attachment":[{"href":"https:\/\/lahora.mx\/index.php\/wp-json\/wp\/v2\/media?parent=64087"}],"wp:term":[{"taxonomy":"category","embeddable":true,"href":"https:\/\/lahora.mx\/index.php\/wp-json\/wp\/v2\/categories?post=64087"},{"taxonomy":"post_tag","embeddable":true,"href":"https:\/\/lahora.mx\/index.php\/wp-json\/wp\/v2\/tags?post=64087"}],"curies":[{"name":"wp","href":"https:\/\/api.w.org\/{rel}","templated":true}]}}