{"id":64084,"date":"2025-06-24T16:58:18","date_gmt":"2025-06-24T16:58:18","guid":{"rendered":"https:\/\/lahora.mx\/?p=64084"},"modified":"2025-06-24T16:58:19","modified_gmt":"2025-06-24T16:58:19","slug":"corte-de-eu-permite-al-gobierno-de-trump-deportar-migrantes-a-terceros-paises","status":"publish","type":"post","link":"https:\/\/lahora.mx\/index.php\/2025\/06\/24\/corte-de-eu-permite-al-gobierno-de-trump-deportar-migrantes-a-terceros-paises\/","title":{"rendered":"Corte de EU permite al gobierno de Trump deportar migrantes a terceros pa\u00edses"},"content":{"rendered":"\n<p>La Corte Suprema de Estados Unidos levant\u00f3 el lunes las restricciones impuestas por la Administraci\u00f3n Trump para deportar migrantes a terceros pa\u00edses.<\/p>\n\n\n\n<p>El fallo de seis a tres del Tribunal Supremo, dominado por los conservadores, se produjo en el marco de una disputa legal sobre los intentos del Gobierno de Trump de acelerar la deportaci\u00f3n de migrantes a pa\u00edses de los que no son originarios.<\/p>\n\n\n\n<p>Las tres juezas liberales de la Corte votaron en contra. La magistrada Sonia Sotomayor advirti\u00f3 que \u00abEn asuntos de vida o muerte, lo mejor es proceder con cautela. En este caso, el Gobierno tom\u00f3 el camino opuesto\u00bb.<\/p>\n\n\n\n<p>La Administraci\u00f3n Trump celebr\u00f3 la resoluci\u00f3n del Tribunal. Tricia McLaughlin, secretaria adjunta de Asuntos P\u00fablicos del Departamento de Seguridad Nacional (DHS, por sus siglas en ingl\u00e9s), calific\u00f3 el fallo como \u00abuna victoria para la seguridad del pueblo estadounidense\u00bb.<\/p>\n\n\n\n<p>\u00abEl DHS ahora puede ejercer su autoridad legal y trasladar a los extranjeros ilegales a un pa\u00eds dispuesto a recibirlos\u00bb, afirm\u00f3.<\/p>\n\n\n\n<p>En abril, el juez Brian Murphy, designado por el expresidente Joe Biden en el tribunal federal de Boston, hab\u00eda prohibido las deportaciones a terceros pa\u00edses sin antes otorgar a los afectados el tiempo necesario para presentar objeciones.<\/p>\n\n\n\n<p>El mes pasado, el Gobierno de Trump solicit\u00f3 a la Corte Suprema suspender la medida cautelar de Murphy. El procurador general de Estados Unidos, D. John Sauer, acus\u00f3 al tribunal de distrito de entorpecer los esfuerzos del Gobierno para deportar a \u00abalgunos de los peores entre los peores inmigrantes ilegales\u00bb.<\/p>\n","protected":false},"excerpt":{"rendered":"<p>La Corte Suprema de Estados Unidos levant\u00f3 el lunes las restricciones impuestas por la Administraci\u00f3n Trump para deportar migrantes a terceros pa\u00edses. El fallo de seis a tres del Tribunal Supremo, dominado por los conservadores, se produjo en el marco de una disputa legal sobre los intentos del Gobierno de Trump de acelerar la deportaci\u00f3n [&hellip;]<\/p>\n","protected":false},"author":4,"featured_media":64085,"comment_status":"open","ping_status":"open","sticky":false,"template":"","format":"standard","meta":{"om_disable_all_campaigns":false,"_monsterinsights_skip_tracking":false,"_monsterinsights_sitenote_active":false,"_monsterinsights_sitenote_note":"","_monsterinsights_sitenote_category":0,"footnotes":""},"categories":[183],"tags":[],"class_list":["post-64084","post","type-post","status-publish","format-standard","has-post-thumbnail","hentry","category-internacional"],"amp_enabled":true,"_links":{"self":[{"href":"https:\/\/lahora.mx\/index.php\/wp-json\/wp\/v2\/posts\/64084","targetHints":{"allow":["GET"]}}],"collection":[{"href":"https:\/\/lahora.mx\/index.php\/wp-json\/wp\/v2\/posts"}],"about":[{"href":"https:\/\/lahora.mx\/index.php\/wp-json\/wp\/v2\/types\/post"}],"author":[{"embeddable":true,"href":"https:\/\/lahora.mx\/index.php\/wp-json\/wp\/v2\/users\/4"}],"replies":[{"embeddable":true,"href":"https:\/\/lahora.mx\/index.php\/wp-json\/wp\/v2\/comments?post=64084"}],"version-history":[{"count":1,"href":"https:\/\/lahora.mx\/index.php\/wp-json\/wp\/v2\/posts\/64084\/revisions"}],"predecessor-version":[{"id":64086,"href":"https:\/\/lahora.mx\/index.php\/wp-json\/wp\/v2\/posts\/64084\/revisions\/64086"}],"wp:featuredmedia":[{"embeddable":true,"href":"https:\/\/lahora.mx\/index.php\/wp-json\/wp\/v2\/media\/64085"}],"wp:attachment":[{"href":"https:\/\/lahora.mx\/index.php\/wp-json\/wp\/v2\/media?parent=64084"}],"wp:term":[{"taxonomy":"category","embeddable":true,"href":"https:\/\/lahora.mx\/index.php\/wp-json\/wp\/v2\/categories?post=64084"},{"taxonomy":"post_tag","embeddable":true,"href":"https:\/\/lahora.mx\/index.php\/wp-json\/wp\/v2\/tags?post=64084"}],"curies":[{"name":"wp","href":"https:\/\/api.w.org\/{rel}","templated":true}]}}