{"id":64063,"date":"2025-06-24T01:25:06","date_gmt":"2025-06-24T01:25:06","guid":{"rendered":"https:\/\/lahora.mx\/?p=64063"},"modified":"2025-06-24T01:25:07","modified_gmt":"2025-06-24T01:25:07","slug":"cierran-alcaldia-de-nealtican-alcaldesa-no-llega-a-asamblea-para-abordar-el-envio-de-agua-a-la-ciudad-de-puebla","status":"publish","type":"post","link":"https:\/\/lahora.mx\/index.php\/2025\/06\/24\/cierran-alcaldia-de-nealtican-alcaldesa-no-llega-a-asamblea-para-abordar-el-envio-de-agua-a-la-ciudad-de-puebla\/","title":{"rendered":"Cierran alcald\u00eda de Nealtican; alcaldesa no llega a asamblea para abordar el env\u00edo de agua a la ciudad de Puebla"},"content":{"rendered":"\n<p>Pobladores de Nealtican \u201ctomaron\u201d la presidencia municipal en respuesta al \u201cplant\u00f3n\u201d que les dio la alcaldesa Imelda Gil, al no acudir a la asamblea p\u00fablica, a la cual hab\u00eda quedado de asistir para tratar el asunto relacionado con el env\u00edo de agua que desde esta jurisdicci\u00f3n se realiza a la ciudad de Puebla.<\/p>\n\n\n\n<p>Amagan con no reabrir el inmueble hasta que la primera regidora \u201cd\u00e9 la cara al pueblo\u201d, pues gobierna con un doble discurso y pone pretextos para no informar las decisiones que aprueba v\u00eda Cabildo o sostiene ante el gobierno federal y estatal en torno al tema.<\/p>\n\n\n\n<p>Con mantas, los defensores de este recurso natural hicieron saber, por en\u00e9sima ocasi\u00f3n, su desacuerdo de que Nealtican siga dotando de este l\u00edquido a la capital poblana, como lo hace desde el a\u00f1o 1994.<br><br>Acentuaron a\u00fan m\u00e1s su molestia, porque recientemente autoridades estatales informaron que hay un paquete de siete proyectos de infraestructura en beneficio del municipio, a cambio de la supuesta perforaci\u00f3n de un pozo profundo m\u00e1s.<\/p>\n\n\n\n<p>Ya no m\u00e1s agua para Puebla, ya no m\u00e1s concesi\u00f3n<br>fue lo que externaron en asamblea p\u00fablica, realizada en el auditorio municipal, varios pobladores.<br>Ante la presencia de tres regidoras y del s\u00edndico municipal, quienes acudieron a la reuni\u00f3n para decir que la asamblea a la que acudir\u00e1 la alcaldesa ser\u00e1 la programada ma\u00f1ana y no la de este lunes, los inconformes lamentaron el doble discurso de las autoridades municipales, pues desde octubre pasado aparentemente se escudan en no tener informaci\u00f3n oficial o estar a la espera de la misma para emitir una postura.<\/p>\n\n\n\n<p>Se dicen cansados de escuchar mentiras<br>De forma directa, puntualizaron estar cansados de escuchar mentiras y pretextos de quienes hoy gobiernan el municipio.<br><br>Posteriormente, decidieron colocar mantas en la entrada principal de la alcald\u00eda para hacer la \u201ctoma\u201d del inmueble.<\/p>\n\n\n\n<p>No nos iremos hasta que venga la alcaldesa, ya no m\u00e1s promesas sin cumplir, queremos que nos explique qu\u00e9 pasar\u00e1 con el agua del municipio y que apoye al pueblo<br>sostuvieron.<br>Tambi\u00e9n se pronunciaron porque se finalice el convenio de 1994 y que se declin\u00e9 cualquier intenci\u00f3n de concesi\u00f3n del agua de los tres pozos profundos que operan en Nealtican a favor del suministro que una empresa privada hace en zonas de la ciudad de Puebla.<\/p>\n","protected":false},"excerpt":{"rendered":"<p>Pobladores de Nealtican \u201ctomaron\u201d la presidencia municipal en respuesta al \u201cplant\u00f3n\u201d que les dio la alcaldesa Imelda Gil, al no acudir a la asamblea p\u00fablica, a la cual hab\u00eda quedado de asistir para tratar el asunto relacionado con el env\u00edo de agua que desde esta jurisdicci\u00f3n se realiza a la ciudad de Puebla. Amagan con [&hellip;]<\/p>\n","protected":false},"author":4,"featured_media":64064,"comment_status":"open","ping_status":"open","sticky":false,"template":"","format":"standard","meta":{"om_disable_all_campaigns":false,"_monsterinsights_skip_tracking":false,"_monsterinsights_sitenote_active":false,"_monsterinsights_sitenote_note":"","_monsterinsights_sitenote_category":0,"footnotes":""},"categories":[175],"tags":[223],"class_list":["post-64063","post","type-post","status-publish","format-standard","has-post-thumbnail","hentry","category-local","tag-puebla"],"amp_enabled":true,"_links":{"self":[{"href":"https:\/\/lahora.mx\/index.php\/wp-json\/wp\/v2\/posts\/64063","targetHints":{"allow":["GET"]}}],"collection":[{"href":"https:\/\/lahora.mx\/index.php\/wp-json\/wp\/v2\/posts"}],"about":[{"href":"https:\/\/lahora.mx\/index.php\/wp-json\/wp\/v2\/types\/post"}],"author":[{"embeddable":true,"href":"https:\/\/lahora.mx\/index.php\/wp-json\/wp\/v2\/users\/4"}],"replies":[{"embeddable":true,"href":"https:\/\/lahora.mx\/index.php\/wp-json\/wp\/v2\/comments?post=64063"}],"version-history":[{"count":1,"href":"https:\/\/lahora.mx\/index.php\/wp-json\/wp\/v2\/posts\/64063\/revisions"}],"predecessor-version":[{"id":64065,"href":"https:\/\/lahora.mx\/index.php\/wp-json\/wp\/v2\/posts\/64063\/revisions\/64065"}],"wp:featuredmedia":[{"embeddable":true,"href":"https:\/\/lahora.mx\/index.php\/wp-json\/wp\/v2\/media\/64064"}],"wp:attachment":[{"href":"https:\/\/lahora.mx\/index.php\/wp-json\/wp\/v2\/media?parent=64063"}],"wp:term":[{"taxonomy":"category","embeddable":true,"href":"https:\/\/lahora.mx\/index.php\/wp-json\/wp\/v2\/categories?post=64063"},{"taxonomy":"post_tag","embeddable":true,"href":"https:\/\/lahora.mx\/index.php\/wp-json\/wp\/v2\/tags?post=64063"}],"curies":[{"name":"wp","href":"https:\/\/api.w.org\/{rel}","templated":true}]}}