{"id":64055,"date":"2025-06-24T01:16:39","date_gmt":"2025-06-24T01:16:39","guid":{"rendered":"https:\/\/lahora.mx\/?p=64055"},"modified":"2025-06-24T01:16:39","modified_gmt":"2025-06-24T01:16:39","slug":"cdh-puebla-analiza-inconstitucionalidad-de-reforma-sobre-ciberasedio","status":"publish","type":"post","link":"https:\/\/lahora.mx\/index.php\/2025\/06\/24\/cdh-puebla-analiza-inconstitucionalidad-de-reforma-sobre-ciberasedio\/","title":{"rendered":"CDH Puebla analiza inconstitucionalidad de reforma sobre ciberasedio"},"content":{"rendered":"\n<p>La presidenta de la Comisi\u00f3n de Derechos Humanos del Estado de Puebla (CDH Puebla), Rosa Isela S\u00e1nchez Soya, confirm\u00f3 que el organismo ya realiza un an\u00e1lisis jur\u00eddico de la reforma al art\u00edculo 480 del C\u00f3digo Penal del estado, el cual tipifica el delito de ciberasedio.<\/p>\n\n\n\n<p>La revisi\u00f3n inici\u00f3 desde la semana pasada antes de la una solicitud formal recibida de la Comisi\u00f3n Nacional de los Derechos Humanos (CNDH).<\/p>\n\n\n\n<p>En entrevista, la ombudsperson poblana detall\u00f3 que si bien desde la aprobaci\u00f3n de la reforma se comenz\u00f3 con una revisi\u00f3n interna, fue hasta el pasado 20 de junio cuando inici\u00f3 la intervenci\u00f3n del organismo.<\/p>\n\n\n\n<p>\u201cNosotros desde la Comisi\u00f3n hacemos la acci\u00f3n de inconstitucionalidad siempre y cuando obtengamos los datos precisos para poderla promover. Es la postura que tenemos que asumir dependiendo de c\u00f3mo se desarrollen las cosas en el Congreso\u201d, explic\u00f3.<\/p>\n\n\n\n<p>S\u00e1nchez Soya subray\u00f3 que el an\u00e1lisis se basa en criterios jur\u00eddicos y en el respeto pleno a los derechos humanos, los cuales \u2014a\u00f1adi\u00f3\u2014 deben entenderse m\u00e1s all\u00e1 de lo discursivo y deben incluir principios esenciales como la dignidad y la paz social.<\/p>\n\n\n\n<p>\u201cHablamos mucho del respeto a los derechos humanos. Hay dos valores fundamentales que se han ido perdiendo. Hay un fil\u00f3sofo alem\u00e1n que es Immanuel Kant que nos invita a considerar la dignidad humana como un valor intr\u00ednseco que debe respetarse en la individualidad\u201d, se\u00f1al\u00f3.<\/p>\n\n\n\n<p>La presidenta agreg\u00f3 que el concepto de paz tambi\u00e9n debe abordarse de manera m\u00e1s amplia, no s\u00f3lo como la ausencia de conflicto b\u00e9lico, sino como una condici\u00f3n de convivencia civil en la que se erradique toda forma de violencia.<\/p>\n\n\n\n<p>\u201cLa paz no debe verse \u00fanicamente como la ausencia de guerra, sino como una convivencia civil pac\u00edfica donde no impere la violencia entre los seres humanos\u201d, puntualiz\u00f3.<\/p>\n\n\n\n<p>En su mensaje, dirigi\u00f3 una reflexi\u00f3n especial a los medios de comunicaci\u00f3n, reconociendo su papel como aliados en la promoci\u00f3n de derechos humanos, pero tambi\u00e9n se\u00f1alando la importancia de equilibrar la libertad de expresi\u00f3n con el respeto a otros derechos fundamentales.<\/p>\n\n\n\n<p>\u201cLes tengo un trato especial y no lo digo de dientes para afuera. S\u00e9 que son quienes nos ayudan incluso todos los d\u00edas a recibir quejas de manera oficial\u2026 Pero tambi\u00e9n tenemos que tomar en cuenta los derechos de otras personas\u201d, enfatiz\u00f3.<\/p>\n\n\n\n<p>Cabe recordar que la CNDH ya inform\u00f3 que analiza el contenido del art\u00edculo 480 reformado, y no ha descartado promover una acci\u00f3n de inconstitucionalidad ante la Suprema Corte de Justicia de la Naci\u00f3n (SCJN), si se determina que dicha figura penal contraviene preceptos constitucionales.<\/p>\n\n\n\n<p>Por su parte, la CDH Puebla mantiene su evaluaci\u00f3n t\u00e9cnica y jur\u00eddica del tema y se mantendr\u00e1 atenta a la evoluci\u00f3n legislativa y judicial en torno a la nueva figura penal del ciberasedio.<\/p>\n\n\n\n<p>\u201cEstamos considerando muchos elementos y quedo atenta a ustedes\u201d, concluy\u00f3 Rosa Isela S\u00e1nchez Soya.<\/p>\n","protected":false},"excerpt":{"rendered":"<p>La presidenta de la Comisi\u00f3n de Derechos Humanos del Estado de Puebla (CDH Puebla), Rosa Isela S\u00e1nchez Soya, confirm\u00f3 que el organismo ya realiza un an\u00e1lisis jur\u00eddico de la reforma al art\u00edculo 480 del C\u00f3digo Penal del estado, el cual tipifica el delito de ciberasedio. La revisi\u00f3n inici\u00f3 desde la semana pasada antes de la [&hellip;]<\/p>\n","protected":false},"author":4,"featured_media":64061,"comment_status":"open","ping_status":"open","sticky":false,"template":"","format":"standard","meta":{"om_disable_all_campaigns":false,"_monsterinsights_skip_tracking":false,"_monsterinsights_sitenote_active":false,"_monsterinsights_sitenote_note":"","_monsterinsights_sitenote_category":0,"footnotes":""},"categories":[175],"tags":[195,223],"class_list":["post-64055","post","type-post","status-publish","format-standard","has-post-thumbnail","hentry","category-local","tag-principal","tag-puebla"],"amp_enabled":true,"_links":{"self":[{"href":"https:\/\/lahora.mx\/index.php\/wp-json\/wp\/v2\/posts\/64055","targetHints":{"allow":["GET"]}}],"collection":[{"href":"https:\/\/lahora.mx\/index.php\/wp-json\/wp\/v2\/posts"}],"about":[{"href":"https:\/\/lahora.mx\/index.php\/wp-json\/wp\/v2\/types\/post"}],"author":[{"embeddable":true,"href":"https:\/\/lahora.mx\/index.php\/wp-json\/wp\/v2\/users\/4"}],"replies":[{"embeddable":true,"href":"https:\/\/lahora.mx\/index.php\/wp-json\/wp\/v2\/comments?post=64055"}],"version-history":[{"count":1,"href":"https:\/\/lahora.mx\/index.php\/wp-json\/wp\/v2\/posts\/64055\/revisions"}],"predecessor-version":[{"id":64062,"href":"https:\/\/lahora.mx\/index.php\/wp-json\/wp\/v2\/posts\/64055\/revisions\/64062"}],"wp:featuredmedia":[{"embeddable":true,"href":"https:\/\/lahora.mx\/index.php\/wp-json\/wp\/v2\/media\/64061"}],"wp:attachment":[{"href":"https:\/\/lahora.mx\/index.php\/wp-json\/wp\/v2\/media?parent=64055"}],"wp:term":[{"taxonomy":"category","embeddable":true,"href":"https:\/\/lahora.mx\/index.php\/wp-json\/wp\/v2\/categories?post=64055"},{"taxonomy":"post_tag","embeddable":true,"href":"https:\/\/lahora.mx\/index.php\/wp-json\/wp\/v2\/tags?post=64055"}],"curies":[{"name":"wp","href":"https:\/\/api.w.org\/{rel}","templated":true}]}}