{"id":64034,"date":"2025-06-23T17:03:15","date_gmt":"2025-06-23T17:03:15","guid":{"rendered":"https:\/\/lahora.mx\/?p=64034"},"modified":"2025-06-23T17:03:15","modified_gmt":"2025-06-23T17:03:15","slug":"vladimir-putin-condena-ataques-injustificados-a-iran","status":"publish","type":"post","link":"https:\/\/lahora.mx\/index.php\/2025\/06\/23\/vladimir-putin-condena-ataques-injustificados-a-iran\/","title":{"rendered":"Vladimir Putin condena ataques injustificados a Ir\u00e1n"},"content":{"rendered":"\n<p>La agresi\u00f3n injustificada contra Ir\u00e1n no tiene fundamento ni justificaci\u00f3n, se\u00f1al\u00f3 este lunes el presidente ruso, Vladimir Putin, en una reuni\u00f3n con el ministro de Relaciones Exteriores iran\u00ed, Seyed Abbas Araghchi, de visita en el pa\u00eds.<\/p>\n\n\n\n<p>\u00abSu visita a Rusia se produce en un momento complejo, un periodo de gran tensi\u00f3n en la regi\u00f3n y en torno a su pa\u00eds\u00bb, dijo Putin a Araghchi.<\/p>\n\n\n\n<p>\u00abNuestra postura sobre los acontecimientos actuales es bien conocida. Ha sido expuesta claramente por el Ministerio de Relaciones Exteriores ruso y ustedes conocen nuestra postura en el Consejo de Seguridad de las Naciones Unidas\u00bb, agreg\u00f3 Putin.<\/p>\n\n\n\n<p>Se\u00f1al\u00f3 que Rusia mantiene v\u00ednculos duraderos, amistosos y s\u00f3lidos con Ir\u00e1n y est\u00e1 trabajando activamente para apoyar al pueblo iran\u00ed.<\/p>\n\n\n\n<p>Araghchi asever\u00f3 que Ir\u00e1n y Rusia mantienen una relaci\u00f3n estrecha, definida como \u00abde naturaleza estrat\u00e9gica en los \u00faltimos a\u00f1os\u00bb y relacionada con el programa nuclear civil de Ir\u00e1n.<\/p>\n\n\n\n<p>La canciller\u00eda rusa indic\u00f3 el domingo en un comunicado que la decisi\u00f3n de llevar a cabo ataques con misiles y bombas contra el territorio de un Estado soberano &#8211;independientemente de los argumentos esgrimidos&#8211; viola gravemente el derecho internacional, la Carta de las Naciones Unidas y las resoluciones del Consejo de Seguridad de las Naciones Unidas.<\/p>\n\n\n\n<p>El ministerio pidi\u00f3 al Consejo de Seguridad de la ONU tomar medidas y afirm\u00f3 que los enfrentamientos entre Estados Unidos e Israel deben ser rechazados colectivamente. Rusia pidi\u00f3 el fin de la agresi\u00f3n y el retorno a las negociaciones.<\/p>\n","protected":false},"excerpt":{"rendered":"<p>La agresi\u00f3n injustificada contra Ir\u00e1n no tiene fundamento ni justificaci\u00f3n, se\u00f1al\u00f3 este lunes el presidente ruso, Vladimir Putin, en una reuni\u00f3n con el ministro de Relaciones Exteriores iran\u00ed, Seyed Abbas Araghchi, de visita en el pa\u00eds. \u00abSu visita a Rusia se produce en un momento complejo, un periodo de gran tensi\u00f3n en la regi\u00f3n y [&hellip;]<\/p>\n","protected":false},"author":4,"featured_media":64035,"comment_status":"open","ping_status":"open","sticky":false,"template":"","format":"standard","meta":{"om_disable_all_campaigns":false,"_monsterinsights_skip_tracking":false,"_monsterinsights_sitenote_active":false,"_monsterinsights_sitenote_note":"","_monsterinsights_sitenote_category":0,"footnotes":""},"categories":[183],"tags":[],"class_list":["post-64034","post","type-post","status-publish","format-standard","has-post-thumbnail","hentry","category-internacional"],"amp_enabled":true,"_links":{"self":[{"href":"https:\/\/lahora.mx\/index.php\/wp-json\/wp\/v2\/posts\/64034","targetHints":{"allow":["GET"]}}],"collection":[{"href":"https:\/\/lahora.mx\/index.php\/wp-json\/wp\/v2\/posts"}],"about":[{"href":"https:\/\/lahora.mx\/index.php\/wp-json\/wp\/v2\/types\/post"}],"author":[{"embeddable":true,"href":"https:\/\/lahora.mx\/index.php\/wp-json\/wp\/v2\/users\/4"}],"replies":[{"embeddable":true,"href":"https:\/\/lahora.mx\/index.php\/wp-json\/wp\/v2\/comments?post=64034"}],"version-history":[{"count":1,"href":"https:\/\/lahora.mx\/index.php\/wp-json\/wp\/v2\/posts\/64034\/revisions"}],"predecessor-version":[{"id":64036,"href":"https:\/\/lahora.mx\/index.php\/wp-json\/wp\/v2\/posts\/64034\/revisions\/64036"}],"wp:featuredmedia":[{"embeddable":true,"href":"https:\/\/lahora.mx\/index.php\/wp-json\/wp\/v2\/media\/64035"}],"wp:attachment":[{"href":"https:\/\/lahora.mx\/index.php\/wp-json\/wp\/v2\/media?parent=64034"}],"wp:term":[{"taxonomy":"category","embeddable":true,"href":"https:\/\/lahora.mx\/index.php\/wp-json\/wp\/v2\/categories?post=64034"},{"taxonomy":"post_tag","embeddable":true,"href":"https:\/\/lahora.mx\/index.php\/wp-json\/wp\/v2\/tags?post=64034"}],"curies":[{"name":"wp","href":"https:\/\/api.w.org\/{rel}","templated":true}]}}