{"id":64031,"date":"2025-06-23T16:55:07","date_gmt":"2025-06-23T16:55:07","guid":{"rendered":"https:\/\/lahora.mx\/?p=64031"},"modified":"2025-06-23T16:55:07","modified_gmt":"2025-06-23T16:55:07","slug":"lluvias-causan-danos-en-bachillerato-de-el-progreso-en-piaxtla","status":"publish","type":"post","link":"https:\/\/lahora.mx\/index.php\/2025\/06\/23\/lluvias-causan-danos-en-bachillerato-de-el-progreso-en-piaxtla\/","title":{"rendered":"Lluvias causan da\u00f1os en bachillerato de El Progreso en Piaxtla"},"content":{"rendered":"\n<p>La fuerte lluvia registrada la semana pasada provoc\u00f3 da\u00f1os materiales en el Bachillerato Oficial \u201cJuana de Asbaje\u201d, ubicado en la comunidad de El Progreso, perteneciente al municipio de Piaxtla.<\/p>\n\n\n\n<p>La afectaci\u00f3n ser\u00e1 evaluada por la Coordinaci\u00f3n Regional de Desarrollo Educativo (Cordep) 08, con sede en Acatl\u00e1n de Osorio, seg\u00fan reportaron estudiantes y personal docente.<\/p>\n\n\n\n<p>El fen\u00f3meno meteorol\u00f3gico ocurri\u00f3 por la tarde, como parte del paso del hurac\u00e1n Erick, cuyas r\u00e1fagas de viento alcanzaron velocidades de hasta 100 kil\u00f3metros por hora. De acuerdo con testimonios, la intensidad de la tormenta impidi\u00f3 que el alumnado saliera a tiempo del plantel.<\/p>\n\n\n\n<p>\u201cNos sorprendi\u00f3 la fuerte lluvia. Los alumnos reaccionaron a tiempo y fueron resguardados. Ninguno result\u00f3 herido, solo se llevaron un gran susto. Se aplic\u00f3 el protocolo de seguridad interna elaborado con base en Protecci\u00f3n Civil\u201d, indicaron docentes a trav\u00e9s de redes sociales.<\/p>\n\n\n\n<p>Los da\u00f1os materiales m\u00e1s relevantes se detectaron en cuatro aulas con filtraciones de agua, as\u00ed como en escritorios y butacas, seg\u00fan report\u00f3 el Comit\u00e9 de Padres de Familia.<\/p>\n\n\n\n<p>El mismo comit\u00e9 inform\u00f3 que solicitar\u00e1 el apoyo de la Secretar\u00eda de Educaci\u00f3n P\u00fablica, del gobierno estatal y del Ayuntamiento de Piaxtla para la dotaci\u00f3n de material impermeabilizante y la revisi\u00f3n del mobiliario antes de que concluya el ciclo escolar 2024\u20132025, con la intenci\u00f3n de que las instalaciones est\u00e9n en condiciones \u00f3ptimas para el siguiente periodo educativo.<\/p>\n","protected":false},"excerpt":{"rendered":"<p>La fuerte lluvia registrada la semana pasada provoc\u00f3 da\u00f1os materiales en el Bachillerato Oficial \u201cJuana de Asbaje\u201d, ubicado en la comunidad de El Progreso, perteneciente al municipio de Piaxtla. La afectaci\u00f3n ser\u00e1 evaluada por la Coordinaci\u00f3n Regional de Desarrollo Educativo (Cordep) 08, con sede en Acatl\u00e1n de Osorio, seg\u00fan reportaron estudiantes y personal docente. El [&hellip;]<\/p>\n","protected":false},"author":4,"featured_media":64032,"comment_status":"open","ping_status":"open","sticky":false,"template":"","format":"standard","meta":{"om_disable_all_campaigns":false,"_monsterinsights_skip_tracking":false,"_monsterinsights_sitenote_active":false,"_monsterinsights_sitenote_note":"","_monsterinsights_sitenote_category":0,"footnotes":""},"categories":[175],"tags":[195,223],"class_list":["post-64031","post","type-post","status-publish","format-standard","has-post-thumbnail","hentry","category-local","tag-principal","tag-puebla"],"amp_enabled":true,"_links":{"self":[{"href":"https:\/\/lahora.mx\/index.php\/wp-json\/wp\/v2\/posts\/64031","targetHints":{"allow":["GET"]}}],"collection":[{"href":"https:\/\/lahora.mx\/index.php\/wp-json\/wp\/v2\/posts"}],"about":[{"href":"https:\/\/lahora.mx\/index.php\/wp-json\/wp\/v2\/types\/post"}],"author":[{"embeddable":true,"href":"https:\/\/lahora.mx\/index.php\/wp-json\/wp\/v2\/users\/4"}],"replies":[{"embeddable":true,"href":"https:\/\/lahora.mx\/index.php\/wp-json\/wp\/v2\/comments?post=64031"}],"version-history":[{"count":1,"href":"https:\/\/lahora.mx\/index.php\/wp-json\/wp\/v2\/posts\/64031\/revisions"}],"predecessor-version":[{"id":64033,"href":"https:\/\/lahora.mx\/index.php\/wp-json\/wp\/v2\/posts\/64031\/revisions\/64033"}],"wp:featuredmedia":[{"embeddable":true,"href":"https:\/\/lahora.mx\/index.php\/wp-json\/wp\/v2\/media\/64032"}],"wp:attachment":[{"href":"https:\/\/lahora.mx\/index.php\/wp-json\/wp\/v2\/media?parent=64031"}],"wp:term":[{"taxonomy":"category","embeddable":true,"href":"https:\/\/lahora.mx\/index.php\/wp-json\/wp\/v2\/categories?post=64031"},{"taxonomy":"post_tag","embeddable":true,"href":"https:\/\/lahora.mx\/index.php\/wp-json\/wp\/v2\/tags?post=64031"}],"curies":[{"name":"wp","href":"https:\/\/api.w.org\/{rel}","templated":true}]}}