{"id":6403,"date":"2022-05-03T18:06:04","date_gmt":"2022-05-03T18:06:04","guid":{"rendered":"http:\/\/lahora.mx\/?p=6403"},"modified":"2022-05-03T18:06:05","modified_gmt":"2022-05-03T18:06:05","slug":"ya-se-puede-visitar-el-centro-alfarero-del-barrio-de-la-luz","status":"publish","type":"post","link":"https:\/\/lahora.mx\/index.php\/2022\/05\/03\/ya-se-puede-visitar-el-centro-alfarero-del-barrio-de-la-luz\/","title":{"rendered":"Ya se puede visitar el Centro Alfarero del Barrio de la Luz"},"content":{"rendered":"\n<p>El&nbsp;<strong>ayuntamiento de Puebla<\/strong>&nbsp;realiz\u00f3 la rehabilitaci\u00f3n y mejoramiento del&nbsp;<strong>Centro Alfarero del Barrio de la Luz<\/strong>, con una inversi\u00f3n de 2 millones 581 mil pesos para conservar el inmueble catalogado como Patrimonio y que el publico en general podr\u00e1 visitarlo los domingos.<\/p>\n\n\n\n<p>Durante la entrega, el presidente municipal de Puebla,&nbsp;<strong>Eduardo Rivera P\u00e9rez<\/strong>, inform\u00f3 que es el \u00fanico Centro Alfarero en la Ciudad de Puebla, el cual tiene&nbsp;<strong>m\u00e1s de 300 a\u00f1os<\/strong>&nbsp;y que por m\u00e1s de ocho generaciones se han mantenido desarrollando el&nbsp;<strong>oficio del barro.<\/strong><\/p>\n\n\n\n<p>\u00abTenemos este sitio emblem\u00e1tico, hist\u00f3rico, cultural pues se encuentra este Centro Alfarero del Barrio de la Luz. M\u00e1s que un&nbsp;<strong>taller artesanal es un museo vivo<\/strong>, entras y empiezas a disfrutar, aqu\u00ed prevalecen los procesos de elaboraci\u00f3n de barro\u00bb, dijo.<\/p>\n\n\n\n<p>Se\u00f1al\u00f3 que los&nbsp;<strong>trabajos de rehabilitaci\u00f3n<\/strong>&nbsp;consistieron en el retiro de aplanados en mal estado en muros, consolidaci\u00f3n estructural grietas en paramentos de muros interiores y exteriores.<\/p>\n\n\n\n<p>El reforzamiento y resane de fisuras en muros con malla electrosoldada, repellado y aplanado de muros a plomo y regla con mortero cal arena.<\/p>\n\n\n\n<p>La colocaci\u00f3n de piso de cuarter\u00f3n, losa de vigueta y bovedilla, aplicaci\u00f3n de pintura vin\u00edlica para interiores y exteriores, as\u00ed como la aplicaci\u00f3n de&nbsp;<strong>impermeabilizante<\/strong>&nbsp;para losa de azotea, la cual tuvo una inversi\u00f3n de&nbsp;<strong>2 millones 581 mil pesos.<\/strong><\/p>\n\n\n\n<p>Rivera P\u00e9rez, apunt\u00f3 que el trabajo que realiza&nbsp;<strong>m\u00e1s de 15 alfareros de la luz merece<\/strong>&nbsp;un digno reconocimiento y por eso, las y los poblanos podr\u00e1n disfrutar a trav\u00e9s de un recorrido el arte que se realiza en el Barrio de la Luz, los d\u00edas&nbsp;<strong>domingos en un horario de 8:00 a 12:00 horas.<\/strong><\/p>\n","protected":false},"excerpt":{"rendered":"<p>El&nbsp;ayuntamiento de Puebla&nbsp;realiz\u00f3 la rehabilitaci\u00f3n y mejoramiento del&nbsp;Centro Alfarero del Barrio de la Luz, con una inversi\u00f3n de 2 millones 581 mil pesos para conservar el inmueble catalogado como Patrimonio y que el publico en general podr\u00e1 visitarlo los domingos. Durante la entrega, el presidente municipal de Puebla,&nbsp;Eduardo Rivera P\u00e9rez, inform\u00f3 que es el \u00fanico [&hellip;]<\/p>\n","protected":false},"author":4,"featured_media":6404,"comment_status":"open","ping_status":"open","sticky":false,"template":"","format":"standard","meta":{"om_disable_all_campaigns":false,"_monsterinsights_skip_tracking":false,"_monsterinsights_sitenote_active":false,"_monsterinsights_sitenote_note":"","_monsterinsights_sitenote_category":0,"footnotes":""},"categories":[175],"tags":[195,223],"class_list":["post-6403","post","type-post","status-publish","format-standard","has-post-thumbnail","hentry","category-local","tag-principal","tag-puebla"],"amp_enabled":true,"_links":{"self":[{"href":"https:\/\/lahora.mx\/index.php\/wp-json\/wp\/v2\/posts\/6403","targetHints":{"allow":["GET"]}}],"collection":[{"href":"https:\/\/lahora.mx\/index.php\/wp-json\/wp\/v2\/posts"}],"about":[{"href":"https:\/\/lahora.mx\/index.php\/wp-json\/wp\/v2\/types\/post"}],"author":[{"embeddable":true,"href":"https:\/\/lahora.mx\/index.php\/wp-json\/wp\/v2\/users\/4"}],"replies":[{"embeddable":true,"href":"https:\/\/lahora.mx\/index.php\/wp-json\/wp\/v2\/comments?post=6403"}],"version-history":[{"count":1,"href":"https:\/\/lahora.mx\/index.php\/wp-json\/wp\/v2\/posts\/6403\/revisions"}],"predecessor-version":[{"id":6405,"href":"https:\/\/lahora.mx\/index.php\/wp-json\/wp\/v2\/posts\/6403\/revisions\/6405"}],"wp:featuredmedia":[{"embeddable":true,"href":"https:\/\/lahora.mx\/index.php\/wp-json\/wp\/v2\/media\/6404"}],"wp:attachment":[{"href":"https:\/\/lahora.mx\/index.php\/wp-json\/wp\/v2\/media?parent=6403"}],"wp:term":[{"taxonomy":"category","embeddable":true,"href":"https:\/\/lahora.mx\/index.php\/wp-json\/wp\/v2\/categories?post=6403"},{"taxonomy":"post_tag","embeddable":true,"href":"https:\/\/lahora.mx\/index.php\/wp-json\/wp\/v2\/tags?post=6403"}],"curies":[{"name":"wp","href":"https:\/\/api.w.org\/{rel}","templated":true}]}}