{"id":64018,"date":"2025-06-23T03:13:24","date_gmt":"2025-06-23T03:13:24","guid":{"rendered":"https:\/\/lahora.mx\/?p=64018"},"modified":"2025-06-23T03:13:41","modified_gmt":"2025-06-23T03:13:41","slug":"morena-puebla-cierra-filas-y-apoya-castigar-ciberasedio","status":"publish","type":"post","link":"https:\/\/lahora.mx\/index.php\/2025\/06\/23\/morena-puebla-cierra-filas-y-apoya-castigar-ciberasedio\/","title":{"rendered":"Morena Puebla cierra filas y apoya castigar ciberasedio"},"content":{"rendered":"\n<p>El Consejo Estatal de Morena cerro filas con la iniciativa aprobada para la ciberseguridad, y calific\u00f3 de desinformaci\u00f3n las declaraciones de la oposici\u00f3n, la cual se\u00f1al\u00f3 que es un ley censura, por lo que se sostuvo que la libertad de expresi\u00f3n est\u00e1 garantizada.<\/p>\n\n\n\n<p>Durante la sesi\u00f3n ordinaria, la cual estuvo encabezada por el gobernador Alejandro Armenta Mier, y teniendo como invitado al presidente municipal de la capital, Jos\u00e9 Chedraui Budib, los consejeros respaldaron en todos sus t\u00e9rminos la iniciativa que aprob\u00f3 el Congreso del Estado el pasado 12 de junio.<\/p>\n\n\n\n<p>La presidenta estatal del Movimiento Regeneraci\u00f3n Nacional, Olga Luc\u00eda Romero Garci Crespo, resalt\u00f3 la presencia del gobernador en la sesi\u00f3n y se\u00f1al\u00f3 que ha sido un perfil incluyente, por lo que ir\u00e1n bajo un mismo proyecto.<\/p>\n\n\n\n<p>Explic\u00f3 que en la sesi\u00f3n se hizo, adem\u00e1s, un balance de los resultados del primer semestre del a\u00f1o y destac\u00f3 la unidad que existe en el partido.<\/p>\n\n\n\n<p>Insisti\u00f3 que en el tema de la ciberseguridad, en ning\u00fan momento se ha puesto en riesgo la libertad de expresi\u00f3n, como lo intenta manejar la oposici\u00f3n, por ello se respald\u00f3 la reforma que protege a los menores de edad en las redes sociales.<\/p>\n\n\n\n<p>En tanto, el presidente del Consejo Estatal, Andr\u00e9s Villegas Mendoza, expuso que otro de los puntos que aprobaron es que a partir de la pr\u00f3xima elecci\u00f3n en Morena ya no se va a dar el nepotismo y se cumplir\u00e1n con los acuerdos del Consejo Nacional realizado en pasado 4 de mayo.<\/p>\n\n\n\n<p>En cuanto a terminar con la reelecci\u00f3n, la propuesta nacional es que sea a partir de 2030, pero en Puebla se podr\u00eda aplicar para la siguiente elecci\u00f3n constitucional que es en 2027 como una forma de congruencia con los principios del partido, donde en el caso de las dirigencias, no se pueden reelegir.<\/p>\n\n\n\n<p>Aclar\u00f3 que habr\u00e1 an\u00e1lisis junto con el Ejecutivo para que el documento se pudiera estar discutiendo y aprobando en el mes de junio para que los partidos pol\u00edticos tengan tiempo de planear para el siguiente proceso.<\/p>\n\n\n\n<p>Coment\u00f3 que ah\u00ed se incluir\u00e1 que no podr\u00e1 haber el nepotismo electoral, es decir heredar la candidatura a un familiar, o c\u00f3nyuge, lo cual en ocasiones permite que sean creados cacicazgos donde las familias se heredan los cargos.<\/p>\n\n\n\n<p>Preparados para las alianzas<br>En entrevista, la presidenta dijo que para 2027 la intenci\u00f3n es que sigan las alianzas con los Partidos del Trabajo, Nueva Alianza y Verde, una vez que se ha podido caminar de forma coordinada en los \u00faltimos a\u00f1os.<\/p>\n\n\n\n<p>Aclar\u00f3 que el acercamiento y la buena relaci\u00f3n existe, por ello los dirigentes de los partidos estuvieron en la sesi\u00f3n del Consejo Estatal, salvo el caso de Jaime Natale quien por motivos personales no acudi\u00f3.<\/p>\n\n\n\n<p>Asimismo Morena dio a conocer que en lo que va del a\u00f1o se tiene ya la afiliaci\u00f3n de 240 mil militantes en Puebla, y est\u00e1n cerca de llegar a la mitad de la meta, pero se ha tocado casa por casa para que los ciudadanos se registren.<\/p>\n","protected":false},"excerpt":{"rendered":"<p>El Consejo Estatal de Morena cerro filas con la iniciativa aprobada para la ciberseguridad, y calific\u00f3 de desinformaci\u00f3n las declaraciones de la oposici\u00f3n, la cual se\u00f1al\u00f3 que es un ley censura, por lo que se sostuvo que la libertad de expresi\u00f3n est\u00e1 garantizada. Durante la sesi\u00f3n ordinaria, la cual estuvo encabezada por el gobernador Alejandro [&hellip;]<\/p>\n","protected":false},"author":4,"featured_media":64019,"comment_status":"open","ping_status":"open","sticky":false,"template":"","format":"standard","meta":{"om_disable_all_campaigns":false,"_monsterinsights_skip_tracking":false,"_monsterinsights_sitenote_active":false,"_monsterinsights_sitenote_note":"","_monsterinsights_sitenote_category":0,"footnotes":""},"categories":[175],"tags":[195,223],"class_list":["post-64018","post","type-post","status-publish","format-standard","has-post-thumbnail","hentry","category-local","tag-principal","tag-puebla"],"amp_enabled":true,"_links":{"self":[{"href":"https:\/\/lahora.mx\/index.php\/wp-json\/wp\/v2\/posts\/64018","targetHints":{"allow":["GET"]}}],"collection":[{"href":"https:\/\/lahora.mx\/index.php\/wp-json\/wp\/v2\/posts"}],"about":[{"href":"https:\/\/lahora.mx\/index.php\/wp-json\/wp\/v2\/types\/post"}],"author":[{"embeddable":true,"href":"https:\/\/lahora.mx\/index.php\/wp-json\/wp\/v2\/users\/4"}],"replies":[{"embeddable":true,"href":"https:\/\/lahora.mx\/index.php\/wp-json\/wp\/v2\/comments?post=64018"}],"version-history":[{"count":1,"href":"https:\/\/lahora.mx\/index.php\/wp-json\/wp\/v2\/posts\/64018\/revisions"}],"predecessor-version":[{"id":64020,"href":"https:\/\/lahora.mx\/index.php\/wp-json\/wp\/v2\/posts\/64018\/revisions\/64020"}],"wp:featuredmedia":[{"embeddable":true,"href":"https:\/\/lahora.mx\/index.php\/wp-json\/wp\/v2\/media\/64019"}],"wp:attachment":[{"href":"https:\/\/lahora.mx\/index.php\/wp-json\/wp\/v2\/media?parent=64018"}],"wp:term":[{"taxonomy":"category","embeddable":true,"href":"https:\/\/lahora.mx\/index.php\/wp-json\/wp\/v2\/categories?post=64018"},{"taxonomy":"post_tag","embeddable":true,"href":"https:\/\/lahora.mx\/index.php\/wp-json\/wp\/v2\/tags?post=64018"}],"curies":[{"name":"wp","href":"https:\/\/api.w.org\/{rel}","templated":true}]}}