{"id":63999,"date":"2025-06-22T18:45:43","date_gmt":"2025-06-22T18:45:43","guid":{"rendered":"https:\/\/lahora.mx\/?p=63999"},"modified":"2025-06-22T18:45:44","modified_gmt":"2025-06-22T18:45:44","slug":"con-la-universidad-nacional-rosario-castellanos-se-detonara-el-desarrollo-en-eloxochitlan","status":"publish","type":"post","link":"https:\/\/lahora.mx\/index.php\/2025\/06\/22\/con-la-universidad-nacional-rosario-castellanos-se-detonara-el-desarrollo-en-eloxochitlan\/","title":{"rendered":"Con la Universidad Nacional Rosario Castellanos se detonar\u00e1 el desarrollo en Eloxochitl\u00e1n"},"content":{"rendered":"\n<p>Con el fin de detonar el desarrollo en la regi\u00f3n, el gobernador Alejandro Armenta anunci\u00f3 la pr\u00f3xima edificaci\u00f3n de un campus de la Universidad Nacional Rosario Castellanos, modelo educativo impulsado por el gobierno de la presidenta Claudia Sheinbaum para acercar la preparaci\u00f3n acad\u00e9mica a regiones de alta vulnerabilidad.<br><br>Al realizar un recorrido por los terrenos donde ser\u00e1 construida la nueva sede educativa, misma que contar\u00e1 con una Casa del Estudiante y una Casa de los Maestros, el mandatario estatal resalt\u00f3 que el objetivo es que Eloxochitl\u00e1n salga adelante y se levante econ\u00f3micamente, ya que la formaci\u00f3n educativa es importante para que la gente prospere. Afirm\u00f3 que la universidad traer\u00e1 muchos beneficios, incluso para estudiantes de Oaxaca y Veracruz, al ser un punto geogr\u00e1fico estrat\u00e9gico para los tres estados.<\/p>\n\n\n\n<p>Para impulsar el desarrollo econ\u00f3mico y productivo de la regi\u00f3n, Alejandro Armenta anunci\u00f3 que establecer\u00e1n proyectos para darle valor agregado a la producci\u00f3n agr\u00edcola. Adem\u00e1s adelant\u00f3 que se construir\u00e1 un arco de seguridad para tranquilidad de las familias, y se detonar\u00e1 el turismo para generar riqueza comunitaria.<\/p>\n\n\n\n<p>El gobernador abund\u00f3 que emprender\u00e1n acciones de reforestaci\u00f3n, con el objetivo de evitar m\u00e1s deslaves en la zona. Detall\u00f3 que sembrar\u00e1n plantas frutales para que las y los campesinos tengan producci\u00f3n y a trav\u00e9s de un Centro de Transformaci\u00f3n obtengan ingresos.<\/p>\n","protected":false},"excerpt":{"rendered":"<p>Con el fin de detonar el desarrollo en la regi\u00f3n, el gobernador Alejandro Armenta anunci\u00f3 la pr\u00f3xima edificaci\u00f3n de un campus de la Universidad Nacional Rosario Castellanos, modelo educativo impulsado por el gobierno de la presidenta Claudia Sheinbaum para acercar la preparaci\u00f3n acad\u00e9mica a regiones de alta vulnerabilidad. Al realizar un recorrido por los terrenos [&hellip;]<\/p>\n","protected":false},"author":4,"featured_media":64000,"comment_status":"open","ping_status":"open","sticky":false,"template":"","format":"standard","meta":{"om_disable_all_campaigns":false,"_monsterinsights_skip_tracking":false,"_monsterinsights_sitenote_active":false,"_monsterinsights_sitenote_note":"","_monsterinsights_sitenote_category":0,"footnotes":""},"categories":[175],"tags":[239,195,223],"class_list":["post-63999","post","type-post","status-publish","format-standard","has-post-thumbnail","hentry","category-local","tag-gobierno","tag-principal","tag-puebla"],"amp_enabled":true,"_links":{"self":[{"href":"https:\/\/lahora.mx\/index.php\/wp-json\/wp\/v2\/posts\/63999","targetHints":{"allow":["GET"]}}],"collection":[{"href":"https:\/\/lahora.mx\/index.php\/wp-json\/wp\/v2\/posts"}],"about":[{"href":"https:\/\/lahora.mx\/index.php\/wp-json\/wp\/v2\/types\/post"}],"author":[{"embeddable":true,"href":"https:\/\/lahora.mx\/index.php\/wp-json\/wp\/v2\/users\/4"}],"replies":[{"embeddable":true,"href":"https:\/\/lahora.mx\/index.php\/wp-json\/wp\/v2\/comments?post=63999"}],"version-history":[{"count":1,"href":"https:\/\/lahora.mx\/index.php\/wp-json\/wp\/v2\/posts\/63999\/revisions"}],"predecessor-version":[{"id":64001,"href":"https:\/\/lahora.mx\/index.php\/wp-json\/wp\/v2\/posts\/63999\/revisions\/64001"}],"wp:featuredmedia":[{"embeddable":true,"href":"https:\/\/lahora.mx\/index.php\/wp-json\/wp\/v2\/media\/64000"}],"wp:attachment":[{"href":"https:\/\/lahora.mx\/index.php\/wp-json\/wp\/v2\/media?parent=63999"}],"wp:term":[{"taxonomy":"category","embeddable":true,"href":"https:\/\/lahora.mx\/index.php\/wp-json\/wp\/v2\/categories?post=63999"},{"taxonomy":"post_tag","embeddable":true,"href":"https:\/\/lahora.mx\/index.php\/wp-json\/wp\/v2\/tags?post=63999"}],"curies":[{"name":"wp","href":"https:\/\/api.w.org\/{rel}","templated":true}]}}