{"id":63993,"date":"2025-06-21T21:33:34","date_gmt":"2025-06-21T21:33:34","guid":{"rendered":"https:\/\/lahora.mx\/?p=63993"},"modified":"2025-06-21T21:34:04","modified_gmt":"2025-06-21T21:34:04","slug":"gobierno-de-puebla-impulsa-acciones-de-bienestar-y-progreso-en-acatzingo","status":"publish","type":"post","link":"https:\/\/lahora.mx\/index.php\/2025\/06\/21\/gobierno-de-puebla-impulsa-acciones-de-bienestar-y-progreso-en-acatzingo\/","title":{"rendered":"Gobierno de Puebla impulsa acciones de bienestar y progreso en Acatzingo"},"content":{"rendered":"\n<p>Con el respaldo de la Secretar\u00eda de la Defensa Nacional, de la Guardia Nacional y de la Marina, es hora de poner orden en Acatzingo, asegur\u00f3 el gobernador de Puebla, Alejandro Armenta, al inaugurar la Feria por la Paz, como parte de la Estrategia Nacional de Seguridad de la presidenta Claudia Sheinbaum.<\/p>\n\n\n\n<p>El gobernador de Puebla afirm\u00f3 que en el municipio habr\u00e1 orden, progreso, salud y econom\u00eda, todo por el bien de la poblaci\u00f3n. Sentenci\u00f3 que el transporte no es un instrumento para llevar drogas, por lo que quienes se dedican a traficar son delincuentes. \u201cQuienes se dedican al narcomenudeo busquen otra plaza y salgan de la entidad, porque lo que quiere el pueblo es empleo, econom\u00eda, educaci\u00f3n y salud\u201d.<\/p>\n\n\n\n<p>El secretario t\u00e9cnico de la Coordinaci\u00f3n Estatal para la Construcci\u00f3n de Paz y Seguridad de la Secretar\u00eda de Seguridad y Protecci\u00f3n Ciudadana Federal, Aurelio Garrido, afirm\u00f3 que se trata de una iniciativa de la presidenta de M\u00e9xico, Claudia Sheinbaum para atender las causas profundas que generan la violencia, a fin de fomentar una cultura de paz y propiciar entornos m\u00e1s seguros, todo ello mediante servicios b\u00e1sicos y atenci\u00f3n integral a las comunidades<\/p>\n\n\n\n<p>En su intervenci\u00f3n, el secretario de Seguridad de P\u00fablica, Vicealmirante Francisco S\u00e1nchez Gonz\u00e1lez, asegur\u00f3 que la estrategia de seguridad en el Estado de Puebla est\u00e1 alineada con el proyecto de la presidenta de la Rep\u00fablica, por ello reconoci\u00f3 que hoy lo tres niveles de gobierno est\u00e1n en comunicaci\u00f3n con la poblaci\u00f3n, ya que es fundamental el primer contacto con toda la poblaci\u00f3n.<\/p>\n\n\n\n<p>Con un enfoque de justicia y de reconstrucci\u00f3n del tejido social fue que se desarroll\u00f3 la Feria por la Paz, alineados al Programa de Atenci\u00f3n a las Causas implementada por la presidenta de M\u00e9xico, Claudia Sheinbaum, y que es impulsada a trav\u00e9s de la Secretar\u00eda de Seguridad y Protecci\u00f3n Ciudadana que encabeza Omar Garc\u00eda Harfuch, con servicios como medicina general, vacunaci\u00f3n, consulta de odontolog\u00eda, pruebas de oftalmolog\u00eda, VIH y hepatitis, adem\u00e1s de atenci\u00f3n psicol\u00f3gica, nutrici\u00f3n, pl\u00e1ticas de equidad de g\u00e9nero, servicios de peluquer\u00eda y veterinaria.<\/p>\n\n\n\n<p>Al ser un espacio de convivencia que promueve la paz, la seguridad y el bienestar social, la se\u00f1ora Libia S\u00e1nchez asisti\u00f3 y consider\u00f3 que este tipo de iniciativas son buenas oportunidades para todas y todos, pero sobre todo para las personas m\u00e1s vulnerables. Mientras que la se\u00f1ora Silvia Jim\u00e9nez, resalt\u00f3 que los servicios son gratuitos, por ello reconoci\u00f3 el trabajo del gobernador para acercar atenciones principalmente m\u00e9dicas. Finalmente Maricruz S\u00e1nchez, se\u00f1al\u00f3 que acudi\u00f3 al m\u00f3dulo del DIF Estatal para iniciar tr\u00e1mites de un certificado de discapacidad para un familiar, y mencion\u00f3 que la atenci\u00f3n fue muy pronta y servicial.<\/p>\n","protected":false},"excerpt":{"rendered":"<p>Con el respaldo de la Secretar\u00eda de la Defensa Nacional, de la Guardia Nacional y de la Marina, es hora de poner orden en Acatzingo, asegur\u00f3 el gobernador de Puebla, Alejandro Armenta, al inaugurar la Feria por la Paz, como parte de la Estrategia Nacional de Seguridad de la presidenta Claudia Sheinbaum. El gobernador de [&hellip;]<\/p>\n","protected":false},"author":4,"featured_media":63994,"comment_status":"open","ping_status":"open","sticky":false,"template":"","format":"standard","meta":{"om_disable_all_campaigns":false,"_monsterinsights_skip_tracking":false,"_monsterinsights_sitenote_active":false,"_monsterinsights_sitenote_note":"","_monsterinsights_sitenote_category":0,"footnotes":""},"categories":[175],"tags":[239,195,223],"class_list":["post-63993","post","type-post","status-publish","format-standard","has-post-thumbnail","hentry","category-local","tag-gobierno","tag-principal","tag-puebla"],"amp_enabled":true,"_links":{"self":[{"href":"https:\/\/lahora.mx\/index.php\/wp-json\/wp\/v2\/posts\/63993","targetHints":{"allow":["GET"]}}],"collection":[{"href":"https:\/\/lahora.mx\/index.php\/wp-json\/wp\/v2\/posts"}],"about":[{"href":"https:\/\/lahora.mx\/index.php\/wp-json\/wp\/v2\/types\/post"}],"author":[{"embeddable":true,"href":"https:\/\/lahora.mx\/index.php\/wp-json\/wp\/v2\/users\/4"}],"replies":[{"embeddable":true,"href":"https:\/\/lahora.mx\/index.php\/wp-json\/wp\/v2\/comments?post=63993"}],"version-history":[{"count":1,"href":"https:\/\/lahora.mx\/index.php\/wp-json\/wp\/v2\/posts\/63993\/revisions"}],"predecessor-version":[{"id":63995,"href":"https:\/\/lahora.mx\/index.php\/wp-json\/wp\/v2\/posts\/63993\/revisions\/63995"}],"wp:featuredmedia":[{"embeddable":true,"href":"https:\/\/lahora.mx\/index.php\/wp-json\/wp\/v2\/media\/63994"}],"wp:attachment":[{"href":"https:\/\/lahora.mx\/index.php\/wp-json\/wp\/v2\/media?parent=63993"}],"wp:term":[{"taxonomy":"category","embeddable":true,"href":"https:\/\/lahora.mx\/index.php\/wp-json\/wp\/v2\/categories?post=63993"},{"taxonomy":"post_tag","embeddable":true,"href":"https:\/\/lahora.mx\/index.php\/wp-json\/wp\/v2\/tags?post=63993"}],"curies":[{"name":"wp","href":"https:\/\/api.w.org\/{rel}","templated":true}]}}