{"id":63989,"date":"2025-06-20T21:48:41","date_gmt":"2025-06-20T21:48:41","guid":{"rendered":"https:\/\/lahora.mx\/?p=63989"},"modified":"2025-06-20T21:48:42","modified_gmt":"2025-06-20T21:48:42","slug":"historica-sentencia-en-puebla-por-deforestar-la-reserva-tehuacan-cuicatlan","status":"publish","type":"post","link":"https:\/\/lahora.mx\/index.php\/2025\/06\/20\/historica-sentencia-en-puebla-por-deforestar-la-reserva-tehuacan-cuicatlan\/","title":{"rendered":"Hist\u00f3rica sentencia en Puebla por deforestar la Reserva Tehuac\u00e1n-Cuicatl\u00e1n"},"content":{"rendered":"\n<p>Un juez federal dict\u00f3, por primera vez en la historia de Puebla, una sentencia condenatoria contra dos personas que realizaron desmonte y cambio ilegal de uso de suelo en la Reserva de la Bi\u00f3sfera Tehuac\u00e1n-Cuicatl\u00e1n, inform\u00f3 la Procuradur\u00eda Federal de Protecci\u00f3n al Ambiente (Profepa).<\/p>\n\n\n\n<p>La dependencia dio a conocer este jueves que un par de personas fueron sancionadas, por primera vez en la entidad poblana, por haber cometido actos de deforestaci\u00f3n, delito tipificado en el C\u00f3digo Penal Federal.<br>Descubren huellas de dinosaurio y f\u00f3siles marinos en Tehuac\u00e1n<br>Autoridades municipales iniciar\u00e1n gestiones para proteger los vestigios y buscar que se conviertan en potencial tur\u00edstico<br>Seg\u00fan indic\u00f3 la Profepa, los hechos ocurrieron el 15 de marzo del a\u00f1o pasado, cuando Juan Carlos N y Juan Carlos N fueron detenidos en flagrancia en el municipio de Tehuac\u00e1n, en un sitio conocido como La Meseta de San Lorenzo Teotipilco.<\/p>\n\n\n\n<p>Los imputados se encontraban realizando actos de deforestaci\u00f3n con apoyo de una retroexcavadora en la Reserva de la Bi\u00f3sfera, una de las \u00c1reas Naturales Protegidas (ANP) m\u00e1s importantes de la entidad poblana.<\/p>\n\n\n\n<p>De acuerdo con la dependencia, se realiz\u00f3 el acompa\u00f1amiento del caso junto con la Comisi\u00f3n Nacional de \u00c1reas Naturales Protegidas (Conanp) y la Fiscal\u00eda General de la Rep\u00fablica (FGR).<\/p>\n\n\n\n<p>En ese sentido, la Profepa indic\u00f3 que los hombres sancionados solicitaron la terminaci\u00f3n anticipada del proceso penal. Por ese motivo, a finales de marzo se llev\u00f3 a cabo una audiencia de procedimiento abreviado, en la que uno de ellos fue sentenciado a dos a\u00f1os y un mes de prisi\u00f3n, una multa de 235 mil 271 pesos, la suspensi\u00f3n de sus derechos civiles y pol\u00edticos, adem\u00e1s de una amonestaci\u00f3n p\u00fablica y el pago de 30 mil pesos por la reparaci\u00f3n del da\u00f1o.<\/p>\n\n\n\n<p><br>Por otra parte, el segundo implicado no recibi\u00f3 este beneficio, por lo que enfrent\u00f3 todas las etapas del juicio oral, el cual concluy\u00f3 este mes de junio con una sanci\u00f3n en su contra.<\/p>\n\n\n\n<p>En este caso, se indic\u00f3 que la sentencia fue mayor, pues el Poder Judicial de la Federaci\u00f3n (PJF) le impuso tres a\u00f1os, siete meses y 17 d\u00edas de prisi\u00f3n, adem\u00e1s de una multa de 225 mil 282 pesos y el pago de 338 mil 168 pesos como reparaci\u00f3n del da\u00f1o, entre otras medidas.<\/p>\n\n\n\n<p>As\u00ed, la Profepa destac\u00f3 que este fue el primer caso en el que el Estado mexicano procedi\u00f3 a la conclusi\u00f3n del proceso judicial, ya que en ocasiones anteriores se hab\u00eda decretado el no ejercicio de la acci\u00f3n penal.<\/p>\n\n\n\n<p>Zapotitl\u00e1n Salina mostrar\u00e1 su lado m\u00e1s bello con rutas<br>Jard\u00edn Bot\u00e1nico de Zapotitl\u00e1n tendr\u00e1 cinco rutas ecotur\u00edsticas, una de ellas ser\u00e1 la m\u00e1s desafiante<br>Maurilio Reyes Castillo, gu\u00eda del jard\u00edn bot\u00e1nico, asever\u00f3 que se busca fomentar el turismo sustentable<br>\u201cEsta sentencia es un hecho sin precedente en Puebla. Por primera vez se lleg\u00f3 a una sanci\u00f3n condenatoria por actividades de cambio de uso de suelo ilegal en terrenos forestales (\u2026) Adem\u00e1s, se trata del primer juicio oral que se desahoga en todas sus etapas\u201d, precis\u00f3 la dependencia.<\/p>\n\n\n\n<p>Finalmente, cabe recordar que la Bi\u00f3sfera de Tehuac\u00e1n-Cuicatl\u00e1n, identificada como la cuna de la agricultura en Mesoam\u00e9rica, alberga cientos de especies de flora y fauna, muchas de ellas end\u00e9micas. Sin embargo, se ve amenazada por el robo y la devastaci\u00f3n de plantas, advirtieron especialistas e investigadores, como Romeo Alberto Salda\u00f1a V\u00e1zquez, bi\u00f3logo por la Universidad Nacional Aut\u00f3noma de M\u00e9xico (UNAM) e investigador de la Universidad Iberoamericana Puebla.<\/p>\n","protected":false},"excerpt":{"rendered":"<p>Un juez federal dict\u00f3, por primera vez en la historia de Puebla, una sentencia condenatoria contra dos personas que realizaron desmonte y cambio ilegal de uso de suelo en la Reserva de la Bi\u00f3sfera Tehuac\u00e1n-Cuicatl\u00e1n, inform\u00f3 la Procuradur\u00eda Federal de Protecci\u00f3n al Ambiente (Profepa). La dependencia dio a conocer este jueves que un par de [&hellip;]<\/p>\n","protected":false},"author":4,"featured_media":63990,"comment_status":"open","ping_status":"open","sticky":false,"template":"","format":"standard","meta":{"om_disable_all_campaigns":false,"_monsterinsights_skip_tracking":false,"_monsterinsights_sitenote_active":false,"_monsterinsights_sitenote_note":"","_monsterinsights_sitenote_category":0,"footnotes":""},"categories":[175],"tags":[223],"class_list":["post-63989","post","type-post","status-publish","format-standard","has-post-thumbnail","hentry","category-local","tag-puebla"],"amp_enabled":true,"_links":{"self":[{"href":"https:\/\/lahora.mx\/index.php\/wp-json\/wp\/v2\/posts\/63989","targetHints":{"allow":["GET"]}}],"collection":[{"href":"https:\/\/lahora.mx\/index.php\/wp-json\/wp\/v2\/posts"}],"about":[{"href":"https:\/\/lahora.mx\/index.php\/wp-json\/wp\/v2\/types\/post"}],"author":[{"embeddable":true,"href":"https:\/\/lahora.mx\/index.php\/wp-json\/wp\/v2\/users\/4"}],"replies":[{"embeddable":true,"href":"https:\/\/lahora.mx\/index.php\/wp-json\/wp\/v2\/comments?post=63989"}],"version-history":[{"count":1,"href":"https:\/\/lahora.mx\/index.php\/wp-json\/wp\/v2\/posts\/63989\/revisions"}],"predecessor-version":[{"id":63991,"href":"https:\/\/lahora.mx\/index.php\/wp-json\/wp\/v2\/posts\/63989\/revisions\/63991"}],"wp:featuredmedia":[{"embeddable":true,"href":"https:\/\/lahora.mx\/index.php\/wp-json\/wp\/v2\/media\/63990"}],"wp:attachment":[{"href":"https:\/\/lahora.mx\/index.php\/wp-json\/wp\/v2\/media?parent=63989"}],"wp:term":[{"taxonomy":"category","embeddable":true,"href":"https:\/\/lahora.mx\/index.php\/wp-json\/wp\/v2\/categories?post=63989"},{"taxonomy":"post_tag","embeddable":true,"href":"https:\/\/lahora.mx\/index.php\/wp-json\/wp\/v2\/tags?post=63989"}],"curies":[{"name":"wp","href":"https:\/\/api.w.org\/{rel}","templated":true}]}}