{"id":63983,"date":"2025-06-20T18:30:59","date_gmt":"2025-06-20T18:30:59","guid":{"rendered":"https:\/\/lahora.mx\/?p=63983"},"modified":"2025-06-20T18:31:00","modified_gmt":"2025-06-20T18:31:00","slug":"se-inunda-calle-en-san-juan-tlautla-a-consecuencia-de-las-lluvias","status":"publish","type":"post","link":"https:\/\/lahora.mx\/index.php\/2025\/06\/20\/se-inunda-calle-en-san-juan-tlautla-a-consecuencia-de-las-lluvias\/","title":{"rendered":"Se inunda calle en San Juan Tlautla a consecuencia de las lluvias"},"content":{"rendered":"\n<p>La calle 6 Sur, ubicada en la junta auxiliar de San Juan Tlautla, perteneciente al municipio de San Pedro Cholula, se inund\u00f3 este jueves debido a las lluvias registradas en la zona, por lo que elementos de Protecci\u00f3n Civil municipal realizaron labores de desazolve para restablecer el tr\u00e1nsito vehicular y peatonal.<\/p>\n\n\n\n<p>De acuerdo con el reporte oficial, personal de bomberos y Protecci\u00f3n Civil acudi\u00f3 al sitio tras detectar afectaciones importantes en la vialidad, particularmente en la zona de Villas del Rosario. En respuesta, Vialidad Municipal, dependiente de la Secretar\u00eda de Seguridad Ciudadana de Cholula, decidi\u00f3 cerrar la calle temporalmente para evitar que los automovilistas quedaran atrapados.<\/p>\n\n\n\n<p>El evento se suma a otros incidentes similares en el municipio. Apenas el mi\u00e9rcoles, se registr\u00f3 una inundaci\u00f3n en el centro de San Pedro Cholula, en las calles 2 Poniente y 5 Norte, cerca del Mercado Municipal, donde triciclos y unidades de transporte p\u00fablico tuvieron dificultades para circular debido al nivel del agua.<\/p>\n\n\n\n<p>En la junta auxiliar de San Crist\u00f3bal Tepontla, vecinos tambi\u00e9n reportaron problemas de acumulaci\u00f3n de agua en la calle Vicente Guerrero, situaci\u00f3n que genera inquietud entre los habitantes, quienes piden soluciones definitivas ante las lluvias constantes.<\/p>\n","protected":false},"excerpt":{"rendered":"<p>La calle 6 Sur, ubicada en la junta auxiliar de San Juan Tlautla, perteneciente al municipio de San Pedro Cholula, se inund\u00f3 este jueves debido a las lluvias registradas en la zona, por lo que elementos de Protecci\u00f3n Civil municipal realizaron labores de desazolve para restablecer el tr\u00e1nsito vehicular y peatonal. De acuerdo con el [&hellip;]<\/p>\n","protected":false},"author":4,"featured_media":63984,"comment_status":"open","ping_status":"open","sticky":false,"template":"","format":"standard","meta":{"om_disable_all_campaigns":false,"_monsterinsights_skip_tracking":false,"_monsterinsights_sitenote_active":false,"_monsterinsights_sitenote_note":"","_monsterinsights_sitenote_category":0,"footnotes":""},"categories":[175],"tags":[223],"class_list":["post-63983","post","type-post","status-publish","format-standard","has-post-thumbnail","hentry","category-local","tag-puebla"],"amp_enabled":true,"_links":{"self":[{"href":"https:\/\/lahora.mx\/index.php\/wp-json\/wp\/v2\/posts\/63983","targetHints":{"allow":["GET"]}}],"collection":[{"href":"https:\/\/lahora.mx\/index.php\/wp-json\/wp\/v2\/posts"}],"about":[{"href":"https:\/\/lahora.mx\/index.php\/wp-json\/wp\/v2\/types\/post"}],"author":[{"embeddable":true,"href":"https:\/\/lahora.mx\/index.php\/wp-json\/wp\/v2\/users\/4"}],"replies":[{"embeddable":true,"href":"https:\/\/lahora.mx\/index.php\/wp-json\/wp\/v2\/comments?post=63983"}],"version-history":[{"count":1,"href":"https:\/\/lahora.mx\/index.php\/wp-json\/wp\/v2\/posts\/63983\/revisions"}],"predecessor-version":[{"id":63985,"href":"https:\/\/lahora.mx\/index.php\/wp-json\/wp\/v2\/posts\/63983\/revisions\/63985"}],"wp:featuredmedia":[{"embeddable":true,"href":"https:\/\/lahora.mx\/index.php\/wp-json\/wp\/v2\/media\/63984"}],"wp:attachment":[{"href":"https:\/\/lahora.mx\/index.php\/wp-json\/wp\/v2\/media?parent=63983"}],"wp:term":[{"taxonomy":"category","embeddable":true,"href":"https:\/\/lahora.mx\/index.php\/wp-json\/wp\/v2\/categories?post=63983"},{"taxonomy":"post_tag","embeddable":true,"href":"https:\/\/lahora.mx\/index.php\/wp-json\/wp\/v2\/tags?post=63983"}],"curies":[{"name":"wp","href":"https:\/\/api.w.org\/{rel}","templated":true}]}}