{"id":63977,"date":"2025-06-20T16:58:56","date_gmt":"2025-06-20T16:58:56","guid":{"rendered":"https:\/\/lahora.mx\/?p=63977"},"modified":"2025-06-20T16:58:56","modified_gmt":"2025-06-20T16:58:56","slug":"se-prepara-congreso-para-aprobar-la-reforma-del-diputado-migrante","status":"publish","type":"post","link":"https:\/\/lahora.mx\/index.php\/2025\/06\/20\/se-prepara-congreso-para-aprobar-la-reforma-del-diputado-migrante\/","title":{"rendered":"Se prepara Congreso para aprobar la reforma del Diputado Migrante"},"content":{"rendered":"\n<p>La presidenta de la Junta de Gobierno, Laura Artemisa Garc\u00eda Ch\u00e1vez, anunci\u00f3 que ser\u00e1 discutida la reforma electoral para que los migrantes cuenten con una representaci\u00f3n en el Congreso del Estado, adem\u00e1s de otras acciones para que de favorezca el retorno a quienes sean repatriados.<\/p>\n\n\n\n<p>El aviso lo dio en conferencia de prensa a la que asisti\u00f3 el secretario de Mexicanos en el Extranjero, a nivel nacional, Alejandro Robles, para nombrar a Pavel Gaspar, coordinador en los estados de Guerrero, Puebla, Tlaxcala, Morelos, para la defensa de los connacionales.<\/p>\n\n\n\n<p>Laura Artemisa se\u00f1al\u00f3 que el trabajo es fortalecer y darle acompa\u00f1amiento a los connacionales y tener la coordinaci\u00f3n de mexicanas y mexicanos en el extranjero, y record\u00f3 la cantidad de poblanos que viven en el extranjero.<\/p>\n\n\n\n<p>asever\u00f3 que se trata del fortalecimiento de los migrantes en retorno, y hay tres temas que se deben tratar, el primero es creando la figura del diputado migrante, para ello se est\u00e1 trabajando y se pueda confirmar ya que se tienen que ver los cambios en el marco jur\u00eddico.<\/p>\n\n\n\n<p>Asimismo se tiene que analizar el tema de la familia de quienes viven en el extranjero, y record\u00f3 que ya hubo una reforma a la legalidad para dar facilidad para las actas de nacimiento, y el tener la Clave \u00danica de Registro de Poblaci\u00f3n sobre todo para quienes est\u00e1n en retorno.<\/p>\n\n\n\n<p>Otro punto es el tr\u00e1nsito de los connacionales que sea seguro, qu\u00e9 es lo que se necesita, facilitando la integraci\u00f3n a la vida econ\u00f3mica, se atender\u00e1n los temas, se trabajar\u00e1<\/p>\n\n\n\n<p>Primero las causas de los poblanos.<\/p>\n\n\n\n<p>La propuesta del diputado<br>En febrero de este a\u00f1o el diputado Pavel Gaspar Ram\u00edrez quien entreg\u00f3 el documento, y precis\u00f3 los partidos deber\u00e1n proponer a un poblano migrante que no haya perdido el arraigo con el estado.<\/p>\n\n\n\n<p>Se\u00f1al\u00f3 que en el art\u00edculo 3 de la Constituci\u00f3n Pol\u00edtica del Estado de Puebla se establece que se deber\u00e1n elaborar las agendas, estrategias y modalidades para la participaci\u00f3n pol\u00edtica de los migrantes poblanos en la elecci\u00f3n de la diputaci\u00f3n migrante establecida en la Ley de la materia.<\/p>\n\n\n\n<p>El documento ya define quienes pueden ocupar el cargo:<\/p>\n\n\n\n<p>Candidato Migrante: Es la persona que cumpliendo lo dispuesto por la Constituci\u00f3n Federal<br>Ley Reglamentaria en materia de nacionalidad y ciudadan\u00eda, pretende ocupar un cargo de elecci\u00f3n popular, poseyendo ciudadan\u00eda poblana y residencia binacional de conformidad con lo previsto en la Constituci\u00f3n Local y dem\u00e1s normativa aplicable.<br>Pavel Gaspar se\u00f1al\u00f3 que ser\u00e1 por la v\u00eda plurinominal donde ser\u00e1 electo, y se destaca: \u201cEn este caso y para efectos de esta elecci\u00f3n se considerar\u00e1n como votos emitidos dentro de la circunscripci\u00f3n uninominal, los sufragios de los poblanos residentes en el extranjero, para efectos de la designaci\u00f3n de la diputaci\u00f3n migrante\u201d.<\/p>\n\n\n\n<p>Coment\u00f3 que en el caso de los migrantes que viven en Estados Unidos por las pr\u00e1cticas de Donald Trump, ser\u00eda dif\u00edcil que los poblanos acudieran a las urnas a votar, por eso se propone que sea por la v\u00eda plurinominal.<\/p>\n","protected":false},"excerpt":{"rendered":"<p>La presidenta de la Junta de Gobierno, Laura Artemisa Garc\u00eda Ch\u00e1vez, anunci\u00f3 que ser\u00e1 discutida la reforma electoral para que los migrantes cuenten con una representaci\u00f3n en el Congreso del Estado, adem\u00e1s de otras acciones para que de favorezca el retorno a quienes sean repatriados. El aviso lo dio en conferencia de prensa a la [&hellip;]<\/p>\n","protected":false},"author":4,"featured_media":63978,"comment_status":"open","ping_status":"open","sticky":false,"template":"","format":"standard","meta":{"om_disable_all_campaigns":false,"_monsterinsights_skip_tracking":false,"_monsterinsights_sitenote_active":false,"_monsterinsights_sitenote_note":"","_monsterinsights_sitenote_category":0,"footnotes":""},"categories":[175],"tags":[227,195,223],"class_list":["post-63977","post","type-post","status-publish","format-standard","has-post-thumbnail","hentry","category-local","tag-congreso","tag-principal","tag-puebla"],"amp_enabled":true,"_links":{"self":[{"href":"https:\/\/lahora.mx\/index.php\/wp-json\/wp\/v2\/posts\/63977","targetHints":{"allow":["GET"]}}],"collection":[{"href":"https:\/\/lahora.mx\/index.php\/wp-json\/wp\/v2\/posts"}],"about":[{"href":"https:\/\/lahora.mx\/index.php\/wp-json\/wp\/v2\/types\/post"}],"author":[{"embeddable":true,"href":"https:\/\/lahora.mx\/index.php\/wp-json\/wp\/v2\/users\/4"}],"replies":[{"embeddable":true,"href":"https:\/\/lahora.mx\/index.php\/wp-json\/wp\/v2\/comments?post=63977"}],"version-history":[{"count":1,"href":"https:\/\/lahora.mx\/index.php\/wp-json\/wp\/v2\/posts\/63977\/revisions"}],"predecessor-version":[{"id":63979,"href":"https:\/\/lahora.mx\/index.php\/wp-json\/wp\/v2\/posts\/63977\/revisions\/63979"}],"wp:featuredmedia":[{"embeddable":true,"href":"https:\/\/lahora.mx\/index.php\/wp-json\/wp\/v2\/media\/63978"}],"wp:attachment":[{"href":"https:\/\/lahora.mx\/index.php\/wp-json\/wp\/v2\/media?parent=63977"}],"wp:term":[{"taxonomy":"category","embeddable":true,"href":"https:\/\/lahora.mx\/index.php\/wp-json\/wp\/v2\/categories?post=63977"},{"taxonomy":"post_tag","embeddable":true,"href":"https:\/\/lahora.mx\/index.php\/wp-json\/wp\/v2\/tags?post=63977"}],"curies":[{"name":"wp","href":"https:\/\/api.w.org\/{rel}","templated":true}]}}