{"id":63959,"date":"2025-06-20T16:13:17","date_gmt":"2025-06-20T16:13:17","guid":{"rendered":"https:\/\/lahora.mx\/?p=63959"},"modified":"2025-06-20T16:13:18","modified_gmt":"2025-06-20T16:13:18","slug":"seguridad-publica-detiene-a-hombre-en-posesion-de-armas-y-cartuchos-en-libres","status":"publish","type":"post","link":"https:\/\/lahora.mx\/index.php\/2025\/06\/20\/seguridad-publica-detiene-a-hombre-en-posesion-de-armas-y-cartuchos-en-libres\/","title":{"rendered":"Seguridad P\u00fablica detiene a hombre en posesi\u00f3n de armas y cartuchos en Libres"},"content":{"rendered":"\n<p>Resultado del fortalecimiento de los recorridos de vigilancia en los 217 municipios que conforman la entidad, la Secretar\u00eda de Seguridad P\u00fablica (SSP) detuvo a un hombre que portaba ilegalmente dos armas de fuego abastecidas con m\u00e1s de 70 cartuchos \u00fatiles.<br><br>Durante un patrullaje, polic\u00edas estatales fueron alertados sobre la presencia de una persona, al parecer armada, en la colonia San Carlos, del municipio de Libres, por lo que con las medidas de seguridad correspondientes, se trasladaron al punto.<\/p>\n\n\n\n<p>En el sitio, las fuerzas estatales ubicaron y detuvieron a Erick N., de 42 a\u00f1os, quien portaba de manera ilegal un fusil calibre .223 CDP y una pistola 9 mil\u00edmetros. Tambi\u00e9n se aseguraron m\u00e1s de 70 municiones y una camioneta con placas de circulaci\u00f3n de Durango.<\/p>\n\n\n\n<p>Por lo anterior, el masculino y los elementos materiales probatorios quedaron a disposici\u00f3n del Agente del Ministerio P\u00fablico del Fuero Federal para las diligencias pertinentes.<\/p>\n\n\n\n<p>El Gobierno del Estado de Puebla, encabezado por Alejandro Armenta, mediante la SSP, robustece la vigilancia con la finalidad de prevenir conductas il\u00edcitas y velar por la tranquilidad de las familias.<\/p>\n\n\n\n<p>Mantente al tanto de todas las noticias de Puebla y el mundo. Haz clic aqu\u00ed para seguir explorando nuestro portal.<br><\/p>\n","protected":false},"excerpt":{"rendered":"<p>Resultado del fortalecimiento de los recorridos de vigilancia en los 217 municipios que conforman la entidad, la Secretar\u00eda de Seguridad P\u00fablica (SSP) detuvo a un hombre que portaba ilegalmente dos armas de fuego abastecidas con m\u00e1s de 70 cartuchos \u00fatiles. Durante un patrullaje, polic\u00edas estatales fueron alertados sobre la presencia de una persona, al parecer [&hellip;]<\/p>\n","protected":false},"author":4,"featured_media":63960,"comment_status":"open","ping_status":"open","sticky":false,"template":"","format":"standard","meta":{"om_disable_all_campaigns":false,"_monsterinsights_skip_tracking":false,"_monsterinsights_sitenote_active":false,"_monsterinsights_sitenote_note":"","_monsterinsights_sitenote_category":0,"footnotes":""},"categories":[175,226],"tags":[223],"class_list":["post-63959","post","type-post","status-publish","format-standard","has-post-thumbnail","hentry","category-local","category-policia","tag-puebla"],"amp_enabled":true,"_links":{"self":[{"href":"https:\/\/lahora.mx\/index.php\/wp-json\/wp\/v2\/posts\/63959","targetHints":{"allow":["GET"]}}],"collection":[{"href":"https:\/\/lahora.mx\/index.php\/wp-json\/wp\/v2\/posts"}],"about":[{"href":"https:\/\/lahora.mx\/index.php\/wp-json\/wp\/v2\/types\/post"}],"author":[{"embeddable":true,"href":"https:\/\/lahora.mx\/index.php\/wp-json\/wp\/v2\/users\/4"}],"replies":[{"embeddable":true,"href":"https:\/\/lahora.mx\/index.php\/wp-json\/wp\/v2\/comments?post=63959"}],"version-history":[{"count":1,"href":"https:\/\/lahora.mx\/index.php\/wp-json\/wp\/v2\/posts\/63959\/revisions"}],"predecessor-version":[{"id":63961,"href":"https:\/\/lahora.mx\/index.php\/wp-json\/wp\/v2\/posts\/63959\/revisions\/63961"}],"wp:featuredmedia":[{"embeddable":true,"href":"https:\/\/lahora.mx\/index.php\/wp-json\/wp\/v2\/media\/63960"}],"wp:attachment":[{"href":"https:\/\/lahora.mx\/index.php\/wp-json\/wp\/v2\/media?parent=63959"}],"wp:term":[{"taxonomy":"category","embeddable":true,"href":"https:\/\/lahora.mx\/index.php\/wp-json\/wp\/v2\/categories?post=63959"},{"taxonomy":"post_tag","embeddable":true,"href":"https:\/\/lahora.mx\/index.php\/wp-json\/wp\/v2\/tags?post=63959"}],"curies":[{"name":"wp","href":"https:\/\/api.w.org\/{rel}","templated":true}]}}