{"id":63952,"date":"2025-06-20T03:09:55","date_gmt":"2025-06-20T03:09:55","guid":{"rendered":"https:\/\/lahora.mx\/?p=63952"},"modified":"2025-06-20T03:09:56","modified_gmt":"2025-06-20T03:09:56","slug":"entrega-pepe-chedraui-vialidades-integrales-en-la-capital","status":"publish","type":"post","link":"https:\/\/lahora.mx\/index.php\/2025\/06\/20\/entrega-pepe-chedraui-vialidades-integrales-en-la-capital\/","title":{"rendered":"Entrega Pepe Chedraui vialidades integrales en la capital"},"content":{"rendered":"\n<p>19 de junio de 2025.- Con una inversi\u00f3n total de 43 millones 590 mil pesos, el presidente municipal, Pepe Chedraui Budib, entreg\u00f3 los trabajos de mantenimiento vial de las calles 27 Sur y 31 Sur, de las colonias Santa Cruz Los \u00c1ngeles y Belisario Dom\u00ednguez respectivamente, los cuales beneficiar\u00e1n a m\u00e1s de un mill\u00f3n 542 mil 230 habitantes de estas zonas de la capital.<br><br>Al respecto, el edil mencion\u00f3 que uno de los principales compromisos que tiene su gobierno es impulsar un desarrollo urbano sostenible, equitativo y centrado en los poblanos. Por ello, entregar vialidades integrales que incluyan ciclov\u00edas, arbolado urbano y zona 30, no solo transforma la infraestructura de la ciudad, sino que mejora directamente la calidad de vida de las familias.<\/p>\n\n\n\n<p>\u201cLas vialidades que consideran a peatones, ciclistas, motociclistas, transporte p\u00fablico y autom\u00f3viles, son una respuesta moderna a los retos de movilidad urbana. Al incluir ciclov\u00edas bien dise\u00f1adas, fomentamos el uso de la bicicleta como medio de transporte limpio, accesible y saludable. Esto reduce el tr\u00e1fico, mejora la salud p\u00fablica y disminuye las emisiones contaminantes\u201d, expres\u00f3.<\/p>\n\n\n\n<p>En su momento, el secretario de movilidad e infraestructura, David Aysa, inform\u00f3 que, como parte de los trabajos en la calle 27 Sur, de avenida 23 Poniente a circuito Juan Pablo II en la colonia Santa Cruz Los \u00c1ngeles, se realiz\u00f3 la intervenci\u00f3n de un total de 11 mil 261 metros cuadrados, a trav\u00e9s de la colocaci\u00f3n de carpeta asf\u00e1ltica en un \u00e1rea de 8 mil 274 metros cuadrados, con una longitud de 767 metros, en un ancho de vialidad de 10.20 metros.<\/p>\n\n\n\n<p>\u201cEn esta vialidad integral, sembramos \u00e1rboles, construimos cinco metros de bocacalles, banquetas con gu\u00eda podot\u00e1ctil para personas con debilidad visual, rampas e infraestructura ciclista en 760 metros. Adem\u00e1s, colocamos 118 segregadores viales, bolardos, reductores de velocidad, se\u00f1al\u00e9tica vertical, se\u00f1al\u00e9tica horizontal y luminarias\u201d, asever\u00f3.<\/p>\n\n\n\n<p>Asimismo, el funcionario municipal detall\u00f3 que, durante la intervenci\u00f3n en la calle 31 Sur, de calle Nopalucan \u2013 Citlalt\u00e9petl a circuito Juan Pablo II en la colonia Belisario Dom\u00ednguez, se llevaron a cabo trabajos de colocaci\u00f3n de carpeta asf\u00e1ltica en 15 mil 639 metros cuadrados, con un ancho de vialidad de 10.37 metros en una longitud de mil 508 metros.<\/p>\n\n\n\n<p>\u201cIntervenimos un \u00e1rea total de 20 mil 384 metros cuadrados, con la construcci\u00f3n de 8.7 metros de bocacalles, rampas, banquetas con gu\u00eda podot\u00e1ctil para personas con debilidad visual e infraestructura ciclista en mil 312 metros. Colocamos 264 segregadores viales, bolardos, luminarias, reductores de velocidad, se\u00f1alamientos viales, as\u00ed como la plantaci\u00f3n de \u00e1rboles en diferentes puntos de la vialidad\u201d, subray\u00f3.<\/p>\n\n\n\n<p>Tambi\u00e9n estuvo presente el regidor Leobardo Rodr\u00edguez y Jos\u00e9 Luis Pi\u00f1era de la Fuente, coordinador general de Atenci\u00f3n Ciudadana de la Secretar\u00eda de Infraestructura del Gobierno del Estado, quien reconoci\u00f3 estas obras que son de beneficio social y son una de las prioridades de la presidenta de la rep\u00fablica, Claudia Sheinbaum, y del gobernador Alejandro Armenta.<\/p>\n\n\n\n<p>En su mensaje, el director general de Agua de Puebla para Todos, Jordi Bosch Bragado, se\u00f1al\u00f3 que en ambas vialidades se realizaron labores de sustituci\u00f3n de la red de agua potable y drenaje con la finalidad de coadyuvar en la construcci\u00f3n de vialidades integrales en la capital.<\/p>\n\n\n\n<p>El Gobierno de la Ciudad que encabeza el alcalde, Pepe Chedraui Budib, refrenda su compromiso de impulsar la construcci\u00f3n de vialidades integrales que fortalezcan el desarrollo urbano sustentable y la movilidad en la capital.<\/p>\n","protected":false},"excerpt":{"rendered":"<p>19 de junio de 2025.- Con una inversi\u00f3n total de 43 millones 590 mil pesos, el presidente municipal, Pepe Chedraui Budib, entreg\u00f3 los trabajos de mantenimiento vial de las calles 27 Sur y 31 Sur, de las colonias Santa Cruz Los \u00c1ngeles y Belisario Dom\u00ednguez respectivamente, los cuales beneficiar\u00e1n a m\u00e1s de un mill\u00f3n 542 [&hellip;]<\/p>\n","protected":false},"author":4,"featured_media":63953,"comment_status":"open","ping_status":"open","sticky":false,"template":"","format":"standard","meta":{"om_disable_all_campaigns":false,"_monsterinsights_skip_tracking":false,"_monsterinsights_sitenote_active":false,"_monsterinsights_sitenote_note":"","_monsterinsights_sitenote_category":0,"footnotes":""},"categories":[175],"tags":[223],"class_list":["post-63952","post","type-post","status-publish","format-standard","has-post-thumbnail","hentry","category-local","tag-puebla"],"amp_enabled":true,"_links":{"self":[{"href":"https:\/\/lahora.mx\/index.php\/wp-json\/wp\/v2\/posts\/63952","targetHints":{"allow":["GET"]}}],"collection":[{"href":"https:\/\/lahora.mx\/index.php\/wp-json\/wp\/v2\/posts"}],"about":[{"href":"https:\/\/lahora.mx\/index.php\/wp-json\/wp\/v2\/types\/post"}],"author":[{"embeddable":true,"href":"https:\/\/lahora.mx\/index.php\/wp-json\/wp\/v2\/users\/4"}],"replies":[{"embeddable":true,"href":"https:\/\/lahora.mx\/index.php\/wp-json\/wp\/v2\/comments?post=63952"}],"version-history":[{"count":1,"href":"https:\/\/lahora.mx\/index.php\/wp-json\/wp\/v2\/posts\/63952\/revisions"}],"predecessor-version":[{"id":63954,"href":"https:\/\/lahora.mx\/index.php\/wp-json\/wp\/v2\/posts\/63952\/revisions\/63954"}],"wp:featuredmedia":[{"embeddable":true,"href":"https:\/\/lahora.mx\/index.php\/wp-json\/wp\/v2\/media\/63953"}],"wp:attachment":[{"href":"https:\/\/lahora.mx\/index.php\/wp-json\/wp\/v2\/media?parent=63952"}],"wp:term":[{"taxonomy":"category","embeddable":true,"href":"https:\/\/lahora.mx\/index.php\/wp-json\/wp\/v2\/categories?post=63952"},{"taxonomy":"post_tag","embeddable":true,"href":"https:\/\/lahora.mx\/index.php\/wp-json\/wp\/v2\/tags?post=63952"}],"curies":[{"name":"wp","href":"https:\/\/api.w.org\/{rel}","templated":true}]}}