{"id":6394,"date":"2022-05-03T04:52:22","date_gmt":"2022-05-03T04:52:22","guid":{"rendered":"http:\/\/lahora.mx\/?p=6394"},"modified":"2022-05-12T12:22:25","modified_gmt":"2022-05-12T12:22:25","slug":"congreso-del-estado-recibe-cuenta-publica-2021-del-gobierno-de-puebla","status":"publish","type":"post","link":"https:\/\/lahora.mx\/index.php\/2022\/05\/03\/congreso-del-estado-recibe-cuenta-publica-2021-del-gobierno-de-puebla\/","title":{"rendered":"Congreso del Estado recibe cuenta p\u00fablica 2021 del Gobierno de Puebla"},"content":{"rendered":"\n<p>El presidente de la&nbsp;<strong>Junta de Gobierno y Coordinaci\u00f3n Pol\u00edtica<\/strong>, Sergio Salom\u00f3n C\u00e9spedes Peregrina, inform\u00f3 que el Congreso del Estado recibi\u00f3 la cuenta p\u00fablica 2021 del&nbsp;<strong>Gobierno de Puebla<\/strong>&nbsp;y revisar\u00e1 con objetividad la documentaci\u00f3n.<\/p>\n\n\n\n<p>En entrevista con los medios de comunicaci\u00f3n refiri\u00f3 que la titular de la&nbsp;<strong>Secretar\u00eda de Finanzas y Planeaci\u00f3n<\/strong>, Mar\u00eda Teresa Castro Corro, se present\u00f3 en el&nbsp;<strong>Congreso del Estado&nbsp;<\/strong>para entregar la informaci\u00f3n financiera correspondiente al ejercicio fiscal.<\/p>\n\n\n\n<p>Asegur\u00f3 que la administraci\u00f3n estatal est\u00e1 haciendo uso eficiente y responsable de presupuesto asignado y esto permite atender las necesidades de los poblanos en las 32 regiones en las que est\u00e1 dividido el estado.<br><\/p>\n\n\n\n<p>\u201cSe har\u00e1n los an\u00e1lisis pertinentes, pero al ser sujetos obligados pasan directamente a la&nbsp;<strong>Auditor\u00eda Superior del Estado&nbsp;<\/strong>y ella ser\u00e1 la que sacar\u00e1 un dictamen para ver exactamente sobre qu\u00e9 o cu\u00e1l ser\u00e1 la ruta en el tema de observaciones. Ser\u00e9 respetuoso del dictamen que se genere\u201d, expres\u00f3.<\/p>\n\n\n\n<p>Ahond\u00f3 que el documento fue turnado a la<strong>&nbsp;Auditor\u00eda Superior del Estado (ASE)&nbsp;<\/strong>para que realice la verificaci\u00f3n correspondiente y corrobore la correcta aplicaci\u00f3n de los recursos p\u00fablicos por parte de la administraci\u00f3n estatal.<\/p>\n\n\n\n<p>\u201cEn la Auditor\u00eda Superior del Estado hay un cuento t\u00e9cnico muy especializado que no hace pol\u00edtica, que se dedica al tema de ello y esto genera grandes condiciones de que los trabajos van a ir avanzando con mucha puntualidad\u201d, dijo.<br><\/p>\n","protected":false},"excerpt":{"rendered":"<p>El presidente de la&nbsp;Junta de Gobierno y Coordinaci\u00f3n Pol\u00edtica, Sergio Salom\u00f3n C\u00e9spedes Peregrina, inform\u00f3 que el Congreso del Estado recibi\u00f3 la cuenta p\u00fablica 2021 del&nbsp;Gobierno de Puebla&nbsp;y revisar\u00e1 con objetividad la documentaci\u00f3n. En entrevista con los medios de comunicaci\u00f3n refiri\u00f3 que la titular de la&nbsp;Secretar\u00eda de Finanzas y Planeaci\u00f3n, Mar\u00eda Teresa Castro Corro, se present\u00f3 [&hellip;]<\/p>\n","protected":false},"author":4,"featured_media":6395,"comment_status":"open","ping_status":"open","sticky":false,"template":"","format":"standard","meta":{"om_disable_all_campaigns":false,"_monsterinsights_skip_tracking":false,"_monsterinsights_sitenote_active":false,"_monsterinsights_sitenote_note":"","_monsterinsights_sitenote_category":0,"footnotes":""},"categories":[175],"tags":[223],"class_list":["post-6394","post","type-post","status-publish","format-standard","has-post-thumbnail","hentry","category-local","tag-puebla"],"amp_enabled":true,"_links":{"self":[{"href":"https:\/\/lahora.mx\/index.php\/wp-json\/wp\/v2\/posts\/6394","targetHints":{"allow":["GET"]}}],"collection":[{"href":"https:\/\/lahora.mx\/index.php\/wp-json\/wp\/v2\/posts"}],"about":[{"href":"https:\/\/lahora.mx\/index.php\/wp-json\/wp\/v2\/types\/post"}],"author":[{"embeddable":true,"href":"https:\/\/lahora.mx\/index.php\/wp-json\/wp\/v2\/users\/4"}],"replies":[{"embeddable":true,"href":"https:\/\/lahora.mx\/index.php\/wp-json\/wp\/v2\/comments?post=6394"}],"version-history":[{"count":3,"href":"https:\/\/lahora.mx\/index.php\/wp-json\/wp\/v2\/posts\/6394\/revisions"}],"predecessor-version":[{"id":9367,"href":"https:\/\/lahora.mx\/index.php\/wp-json\/wp\/v2\/posts\/6394\/revisions\/9367"}],"wp:featuredmedia":[{"embeddable":true,"href":"https:\/\/lahora.mx\/index.php\/wp-json\/wp\/v2\/media\/6395"}],"wp:attachment":[{"href":"https:\/\/lahora.mx\/index.php\/wp-json\/wp\/v2\/media?parent=6394"}],"wp:term":[{"taxonomy":"category","embeddable":true,"href":"https:\/\/lahora.mx\/index.php\/wp-json\/wp\/v2\/categories?post=6394"},{"taxonomy":"post_tag","embeddable":true,"href":"https:\/\/lahora.mx\/index.php\/wp-json\/wp\/v2\/tags?post=6394"}],"curies":[{"name":"wp","href":"https:\/\/api.w.org\/{rel}","templated":true}]}}