{"id":63916,"date":"2025-06-19T02:22:45","date_gmt":"2025-06-19T02:22:45","guid":{"rendered":"https:\/\/lahora.mx\/?p=63916"},"modified":"2025-06-19T02:22:47","modified_gmt":"2025-06-19T02:22:47","slug":"jovenes-sobreviven-a-desplome-de-avioneta-durante-practica-en-huejotzingo","status":"publish","type":"post","link":"https:\/\/lahora.mx\/index.php\/2025\/06\/19\/jovenes-sobreviven-a-desplome-de-avioneta-durante-practica-en-huejotzingo\/","title":{"rendered":"J\u00f3venes sobreviven a desplome de avioneta durante pr\u00e1ctica en Huejotzingo"},"content":{"rendered":"\n<p>Dos j\u00f3venes sobrevivieron al desplome de una avioneta tipo Piper, ocurrido la ma\u00f1ana de este martes en campos de cultivo del municipio de Huejotzingo, luego de que la aeronave presentara una aparente falla mec\u00e1nica durante un vuelo de instrucci\u00f3n.<\/p>\n\n\n\n<p>El incidente tuvo lugar en las inmediaciones del kil\u00f3metro 91.5 de la autopista M\u00e9xico\u2013Puebla, a la altura del Primer Barrio. La avioneta hab\u00eda despegado del Aeropuerto Internacional \u201cHermanos Serd\u00e1n\u201d, y al detectar irregularidades en el motor, el piloto intent\u00f3 realizar un aterrizaje forzoso.<\/p>\n\n\n\n<p>\u200b<br>El impacto ocurri\u00f3 a pocos metros de zonas habitadas, sin que se reportaran da\u00f1os a terceros ni incendios derivados del siniestro.<\/p>\n\n\n\n<p>A bordo viajaban Said y Arturo, ambos de 24 a\u00f1os, quienes no sufrieron lesiones de gravedad, pero fueron atendidos por personal de Protecci\u00f3n Civil debido a una crisis nerviosa. No fue necesario su traslado hospitalario.<\/p>\n\n\n\n<p>Al lugar acudieron elementos de la Polic\u00eda Municipal y Estatal, Guardia Nacional y Secretar\u00eda de Marina, quienes acordonaron el \u00e1rea para permitir el ingreso de peritos especializados y evitar el acceso de civiles.<\/p>\n\n\n\n<p>La ca\u00edda de la aeronave gener\u00f3 una fuerte movilizaci\u00f3n de unidades de emergencia.<\/p>\n\n\n\n<p>Las autoridades realizaron los primeros peritajes para esclarecer el origen de la falla mec\u00e1nica.<\/p>\n\n\n\n<p>De acuerdo con un comunicado del Ayuntamiento de Huejotzingo, el hecho fue atendido por la Secretar\u00eda de Seguridad Ciudadana y Protecci\u00f3n Civil Municipal, que activaron los protocolos correspondientes para salvaguardar a la poblaci\u00f3n y facilitar las labores de investigaci\u00f3n.<\/p>\n\n\n\n<p>Fuentes indicaron que la aeronave era utilizada con fines educativos, y se presume que el vuelo estaba autorizado. Hasta el momento, no se ha emitido un comunicado por parte de la escuela de aviaci\u00f3n responsable.<\/p>\n\n\n\n<p>La investigaci\u00f3n permanece abierta, y se espera que en las pr\u00f3ximas horas se den a conocer m\u00e1s detalles sobre el estado de la avioneta y las condiciones operativas en las que realizaba el vuelo.<\/p>\n","protected":false},"excerpt":{"rendered":"<p>Dos j\u00f3venes sobrevivieron al desplome de una avioneta tipo Piper, ocurrido la ma\u00f1ana de este martes en campos de cultivo del municipio de Huejotzingo, luego de que la aeronave presentara una aparente falla mec\u00e1nica durante un vuelo de instrucci\u00f3n. El incidente tuvo lugar en las inmediaciones del kil\u00f3metro 91.5 de la autopista M\u00e9xico\u2013Puebla, a la [&hellip;]<\/p>\n","protected":false},"author":4,"featured_media":63918,"comment_status":"open","ping_status":"open","sticky":false,"template":"","format":"standard","meta":{"om_disable_all_campaigns":false,"_monsterinsights_skip_tracking":false,"_monsterinsights_sitenote_active":false,"_monsterinsights_sitenote_note":"","_monsterinsights_sitenote_category":0,"footnotes":""},"categories":[175,226],"tags":[],"class_list":["post-63916","post","type-post","status-publish","format-standard","has-post-thumbnail","hentry","category-local","category-policia"],"amp_enabled":true,"_links":{"self":[{"href":"https:\/\/lahora.mx\/index.php\/wp-json\/wp\/v2\/posts\/63916","targetHints":{"allow":["GET"]}}],"collection":[{"href":"https:\/\/lahora.mx\/index.php\/wp-json\/wp\/v2\/posts"}],"about":[{"href":"https:\/\/lahora.mx\/index.php\/wp-json\/wp\/v2\/types\/post"}],"author":[{"embeddable":true,"href":"https:\/\/lahora.mx\/index.php\/wp-json\/wp\/v2\/users\/4"}],"replies":[{"embeddable":true,"href":"https:\/\/lahora.mx\/index.php\/wp-json\/wp\/v2\/comments?post=63916"}],"version-history":[{"count":1,"href":"https:\/\/lahora.mx\/index.php\/wp-json\/wp\/v2\/posts\/63916\/revisions"}],"predecessor-version":[{"id":63919,"href":"https:\/\/lahora.mx\/index.php\/wp-json\/wp\/v2\/posts\/63916\/revisions\/63919"}],"wp:featuredmedia":[{"embeddable":true,"href":"https:\/\/lahora.mx\/index.php\/wp-json\/wp\/v2\/media\/63918"}],"wp:attachment":[{"href":"https:\/\/lahora.mx\/index.php\/wp-json\/wp\/v2\/media?parent=63916"}],"wp:term":[{"taxonomy":"category","embeddable":true,"href":"https:\/\/lahora.mx\/index.php\/wp-json\/wp\/v2\/categories?post=63916"},{"taxonomy":"post_tag","embeddable":true,"href":"https:\/\/lahora.mx\/index.php\/wp-json\/wp\/v2\/tags?post=63916"}],"curies":[{"name":"wp","href":"https:\/\/api.w.org\/{rel}","templated":true}]}}