{"id":63906,"date":"2025-06-18T21:11:26","date_gmt":"2025-06-18T21:11:26","guid":{"rendered":"https:\/\/lahora.mx\/?p=63906"},"modified":"2025-06-18T21:11:26","modified_gmt":"2025-06-18T21:11:26","slug":"eu-sanciona-por-terrorismo-a-el-mencho-tambien-castiga-al-supuesto-asesino-de-la-influencer-valeria-marquez","status":"publish","type":"post","link":"https:\/\/lahora.mx\/index.php\/2025\/06\/18\/eu-sanciona-por-terrorismo-a-el-mencho-tambien-castiga-al-supuesto-asesino-de-la-influencer-valeria-marquez\/","title":{"rendered":"EU sanciona por terrorismo a \u00abEl Mencho\u00bb; tambi\u00e9n castiga al supuesto asesino de la influencer Valeria M\u00e1rquez"},"content":{"rendered":"\n<p>El Departamento del Tesoro de Estados Unidos sancion\u00f3 por terrorismo a cinco altos mandos del Cartel de Jalisco Nueva Generaci\u00f3n (CJNG), entre ellos su l\u00edder, Rub\u00e9n Oseguera Cervantes, alias \u00abEl Mencho\u00bb, por su participaci\u00f3n en el tr\u00e1fico de fentanilo y otros actos de violencia.<\/p>\n\n\n\n<p>Otro de los sancionados es un comandante del CJNG, estrechamente vinculado a \u00abEl Mencho\u00bb, quien ha sido identificado como el principal sospechoso del reciente asesinato de la influencer mexicana Valeria M\u00e1rquez durante una transmisi\u00f3n en vivo en redes sociales.<\/p>\n\n\n\n<p>\u00abEl reinado de terror del CJNG en M\u00e9xico y su tr\u00e1fico de fentanilo hacia Estados Unidos han destruido innumerables vidas inocentes\u00bb, afirm\u00f3 en un comunicado el secretario del Tesoro, Scott Bessent.<br>Play Video<\/p>\n\n\n\n<p><br>El comunicado menciona como ejemplo de la brutalidad del CJNG el reciente descubrimiento de un campo de reclutamiento en el rancho Izaguirre, se\u00f1alando que \u00abal parecer se utilizaba para ejecutar a los reclutas que desobedec\u00edan las instrucciones\u00bb, as\u00ed como el asesinato de la influencer Valeria M\u00e1rquez durante una transmisi\u00f3n en directo en las redes sociales, del que es se\u00f1alado Ricardo Ruiz Velasco.<\/p>\n\n\n\n<p>\u00abEstados Unidos mantiene su firme compromiso de aprovechar todas las herramientas disponibles para degradar la capacidad del CJNG y otros c\u00e1rteles de inundar nuestras calles con drogas peligrosas y perpetrar atroces actos de violencia contra civiles\u00bb, afirm\u00f3 Bessent.<\/p>\n\n\n\n<p>\u00abEl Mencho\u00bb sancionado por terrorismo<br>Adem\u00e1s de \u00abEl Mencho\u00bb y Ruiz Velasco -tambi\u00e9n se\u00f1alado del asesinato de una modelo venezolana-, las sanciones afectan a Julio Alberto Castillo Rodr\u00edguez, Gonzalo Mendoza Gayt\u00e1n y a Audias Flores Silva.<\/p>\n\n\n\n<p>Rub\u00e9n Oseguera Cervantes, \u00abEl Mencho\u00bb, es designado, indica el comunicado, de conformidad con la O.E. 13224, en su versi\u00f3n modificada -que tiene como objetivo a los terroristas y a quienes los apoyan-, por ser propiedad de, estar bajo el control o la direcci\u00f3n de, o haber actuado o pretendido actuar para o en nombre de, directa o indirectamente, CJNG.<\/p>\n","protected":false},"excerpt":{"rendered":"<p>El Departamento del Tesoro de Estados Unidos sancion\u00f3 por terrorismo a cinco altos mandos del Cartel de Jalisco Nueva Generaci\u00f3n (CJNG), entre ellos su l\u00edder, Rub\u00e9n Oseguera Cervantes, alias \u00abEl Mencho\u00bb, por su participaci\u00f3n en el tr\u00e1fico de fentanilo y otros actos de violencia. Otro de los sancionados es un comandante del CJNG, estrechamente vinculado [&hellip;]<\/p>\n","protected":false},"author":4,"featured_media":63907,"comment_status":"open","ping_status":"open","sticky":false,"template":"","format":"standard","meta":{"om_disable_all_campaigns":false,"_monsterinsights_skip_tracking":false,"_monsterinsights_sitenote_active":false,"_monsterinsights_sitenote_note":"","_monsterinsights_sitenote_category":0,"footnotes":""},"categories":[183,175,176,226],"tags":[],"class_list":["post-63906","post","type-post","status-publish","format-standard","has-post-thumbnail","hentry","category-internacional","category-local","category-nacional","category-policia"],"amp_enabled":true,"_links":{"self":[{"href":"https:\/\/lahora.mx\/index.php\/wp-json\/wp\/v2\/posts\/63906","targetHints":{"allow":["GET"]}}],"collection":[{"href":"https:\/\/lahora.mx\/index.php\/wp-json\/wp\/v2\/posts"}],"about":[{"href":"https:\/\/lahora.mx\/index.php\/wp-json\/wp\/v2\/types\/post"}],"author":[{"embeddable":true,"href":"https:\/\/lahora.mx\/index.php\/wp-json\/wp\/v2\/users\/4"}],"replies":[{"embeddable":true,"href":"https:\/\/lahora.mx\/index.php\/wp-json\/wp\/v2\/comments?post=63906"}],"version-history":[{"count":1,"href":"https:\/\/lahora.mx\/index.php\/wp-json\/wp\/v2\/posts\/63906\/revisions"}],"predecessor-version":[{"id":63908,"href":"https:\/\/lahora.mx\/index.php\/wp-json\/wp\/v2\/posts\/63906\/revisions\/63908"}],"wp:featuredmedia":[{"embeddable":true,"href":"https:\/\/lahora.mx\/index.php\/wp-json\/wp\/v2\/media\/63907"}],"wp:attachment":[{"href":"https:\/\/lahora.mx\/index.php\/wp-json\/wp\/v2\/media?parent=63906"}],"wp:term":[{"taxonomy":"category","embeddable":true,"href":"https:\/\/lahora.mx\/index.php\/wp-json\/wp\/v2\/categories?post=63906"},{"taxonomy":"post_tag","embeddable":true,"href":"https:\/\/lahora.mx\/index.php\/wp-json\/wp\/v2\/tags?post=63906"}],"curies":[{"name":"wp","href":"https:\/\/api.w.org\/{rel}","templated":true}]}}