{"id":63903,"date":"2025-06-18T21:10:11","date_gmt":"2025-06-18T21:10:11","guid":{"rendered":"https:\/\/lahora.mx\/?p=63903"},"modified":"2025-06-18T21:10:33","modified_gmt":"2025-06-18T21:10:33","slug":"entrega-pepe-chedraui-iluminacion-led-san-ramon-castillotla","status":"publish","type":"post","link":"https:\/\/lahora.mx\/index.php\/2025\/06\/18\/entrega-pepe-chedraui-iluminacion-led-san-ramon-castillotla\/","title":{"rendered":"Entrega Pepe Chedraui iluminaci\u00f3n LED San Ram\u00f3n Castillotla"},"content":{"rendered":"\n<p>En el marco de la estrategia Puebla Brilla, el presidente municipal Pepe Chedraui Budib, inaugur\u00f3 la modernizaci\u00f3n al 100 por ciento el alumbrado p\u00fablico con tecnolog\u00eda LED en la colonia San Ram\u00f3n Castillotla, beneficiando directamente a m\u00e1s de 16 mil habitantes.<\/p>\n\n\n\n<p>Esta intervenci\u00f3n, a trav\u00e9s de la Secretar\u00eda de Servicios P\u00fablicos, consisti\u00f3 en la actualizaci\u00f3n de 545 luminarias de AMC por tecnolog\u00eda LED, logrando con ello una cobertura del 100 por ciento en esta zona, que cuenta con un total de 643 puntos de luz. Antes de esta acci\u00f3n, \u00fanicamente 98 luminarias eran LED, mientras que 545 presentaban rezago tecnol\u00f3gico.<\/p>\n\n\n\n<p>En este sentido, el presidente municipal, Pepe Chedraui, subray\u00f3 que la iluminaci\u00f3n brindar\u00e1 mejores condiciones de vida a las y los poblanos, especialmente a las mujeres quienes pueden transitar con m\u00e1s tranquilidad por las calles. Asimismo, reconoci\u00f3 el trabajo de la dependencia por estos logros en diferentes colonias de la capital.<\/p>\n\n\n\n<p>En su mensaje, el secretario de Servicios P\u00fablicos, Clemente G\u00f3mez Medina, agradeci\u00f3 la sensibilidad del alcalde Pepe Chedraui para impulsar Puebla Brilla como una estrategia que garantiza espacios seguros para las y los ciudadanos, haciendo las cosas bien y a la primera, para que alumbrado p\u00fablico sea un servicio para todas y todos por igual.<\/p>\n\n\n\n<p>Por su parte la titular de la Secretar\u00eda para la Igualdad Sustantiva de G\u00e9nero, Zaira Gonz\u00e1lez G\u00f3mez, destac\u00f3 la participaci\u00f3n e iniciativa de las mujeres quienes d\u00eda a d\u00eda son gestoras para que programas como Puebla Brilla lleguen hasta sus colonias.<\/p>\n\n\n\n<p>Esta modernizaci\u00f3n no solo mejora la visibilidad y la seguridad en las calles, tambi\u00e9n representa un paso firme hacia una ciudad m\u00e1s incluyente, eficiente y sustentable, ya que en San Ram\u00f3n Castillotla era una necesidad mejorar el alumbrado p\u00fablico impactando directamente en la calidad de vida y el \u00e1nimo de las y los colonos.<\/p>\n\n\n\n<p>Con Puebla Brilla, el presidente Pepe Chedraui refrenda su compromiso con calles iluminadas, seguras y vivas, avanzando hacia una ciudad m\u00e1s conectada, equitativa y luminosa.<\/p>\n","protected":false},"excerpt":{"rendered":"<p>En el marco de la estrategia Puebla Brilla, el presidente municipal Pepe Chedraui Budib, inaugur\u00f3 la modernizaci\u00f3n al 100 por ciento el alumbrado p\u00fablico con tecnolog\u00eda LED en la colonia San Ram\u00f3n Castillotla, beneficiando directamente a m\u00e1s de 16 mil habitantes. Esta intervenci\u00f3n, a trav\u00e9s de la Secretar\u00eda de Servicios P\u00fablicos, consisti\u00f3 en la actualizaci\u00f3n [&hellip;]<\/p>\n","protected":false},"author":4,"featured_media":63904,"comment_status":"open","ping_status":"open","sticky":false,"template":"","format":"standard","meta":{"om_disable_all_campaigns":false,"_monsterinsights_skip_tracking":false,"_monsterinsights_sitenote_active":false,"_monsterinsights_sitenote_note":"","_monsterinsights_sitenote_category":0,"footnotes":""},"categories":[175],"tags":[],"class_list":["post-63903","post","type-post","status-publish","format-standard","has-post-thumbnail","hentry","category-local"],"amp_enabled":true,"_links":{"self":[{"href":"https:\/\/lahora.mx\/index.php\/wp-json\/wp\/v2\/posts\/63903","targetHints":{"allow":["GET"]}}],"collection":[{"href":"https:\/\/lahora.mx\/index.php\/wp-json\/wp\/v2\/posts"}],"about":[{"href":"https:\/\/lahora.mx\/index.php\/wp-json\/wp\/v2\/types\/post"}],"author":[{"embeddable":true,"href":"https:\/\/lahora.mx\/index.php\/wp-json\/wp\/v2\/users\/4"}],"replies":[{"embeddable":true,"href":"https:\/\/lahora.mx\/index.php\/wp-json\/wp\/v2\/comments?post=63903"}],"version-history":[{"count":1,"href":"https:\/\/lahora.mx\/index.php\/wp-json\/wp\/v2\/posts\/63903\/revisions"}],"predecessor-version":[{"id":63905,"href":"https:\/\/lahora.mx\/index.php\/wp-json\/wp\/v2\/posts\/63903\/revisions\/63905"}],"wp:featuredmedia":[{"embeddable":true,"href":"https:\/\/lahora.mx\/index.php\/wp-json\/wp\/v2\/media\/63904"}],"wp:attachment":[{"href":"https:\/\/lahora.mx\/index.php\/wp-json\/wp\/v2\/media?parent=63903"}],"wp:term":[{"taxonomy":"category","embeddable":true,"href":"https:\/\/lahora.mx\/index.php\/wp-json\/wp\/v2\/categories?post=63903"},{"taxonomy":"post_tag","embeddable":true,"href":"https:\/\/lahora.mx\/index.php\/wp-json\/wp\/v2\/tags?post=63903"}],"curies":[{"name":"wp","href":"https:\/\/api.w.org\/{rel}","templated":true}]}}