{"id":63900,"date":"2025-06-18T21:06:40","date_gmt":"2025-06-18T21:06:40","guid":{"rendered":"https:\/\/lahora.mx\/?p=63900"},"modified":"2025-06-18T21:06:41","modified_gmt":"2025-06-18T21:06:41","slug":"avioneta-aterriza-de-emergencia-en-campos-de-huejotzingo-realizaba-vuelo-de-practica","status":"publish","type":"post","link":"https:\/\/lahora.mx\/index.php\/2025\/06\/18\/avioneta-aterriza-de-emergencia-en-campos-de-huejotzingo-realizaba-vuelo-de-practica\/","title":{"rendered":"Avioneta aterriza de emergencia en campos de Huejotzingo; realizaba vuelo de pr\u00e1ctica"},"content":{"rendered":"\n<p>Un vuelo de pr\u00e1ctica a bordo de una aeronave tipo Piper termin\u00f3 en un aterrizaje de emergencia la ma\u00f1ana de este mi\u00e9rcoles en terrenos de cultivo del primer barrio del municipio de Huejotzingo, donde dos personas resultaron con lesiones leves.<\/p>\n\n\n\n<p>La movilizaci\u00f3n de cuerpos de emergencia se dio luego de que a trav\u00e9s de redes sociales se reportara la presunta ca\u00edda de una avioneta. Al lugar acudieron param\u00e9dicos, Protecci\u00f3n Civil municipal, elementos de la Polic\u00eda Municipal y de la Secretar\u00eda de Marina (Semar).<br><br>Los param\u00e9dicos atendieron a dos hombres, identificados como Said y Arturo, ambos de 24 a\u00f1os de edad, quienes no requirieron ser trasladados a un hospital debido a que las lesiones fueron menores.<br><br>Se sabe que los tripulantes realizaban un vuelo de pr\u00e1ctica tras despegar del Aeropuerto Internacional Hermanos Serd\u00e1n, ubicado en el mismo municipio.<\/p>\n\n\n\n<p>Hasta el momento, se desconoce la causa exacta del aterrizaje de emergencia. No obstante, autoridades informaron que peritos especializados ya han iniciado las investigaciones correspondientes para integrar la carpeta de investigaci\u00f3n.<\/p>\n\n\n\n<p>La zona fue acordonada por elementos de seguridad y fuerzas armadas en tanto se llevaban a cabo las diligencias.<\/p>\n","protected":false},"excerpt":{"rendered":"<p>Un vuelo de pr\u00e1ctica a bordo de una aeronave tipo Piper termin\u00f3 en un aterrizaje de emergencia la ma\u00f1ana de este mi\u00e9rcoles en terrenos de cultivo del primer barrio del municipio de Huejotzingo, donde dos personas resultaron con lesiones leves. La movilizaci\u00f3n de cuerpos de emergencia se dio luego de que a trav\u00e9s de redes [&hellip;]<\/p>\n","protected":false},"author":4,"featured_media":63901,"comment_status":"open","ping_status":"open","sticky":false,"template":"","format":"standard","meta":{"om_disable_all_campaigns":false,"_monsterinsights_skip_tracking":false,"_monsterinsights_sitenote_active":false,"_monsterinsights_sitenote_note":"","_monsterinsights_sitenote_category":0,"footnotes":""},"categories":[175,226],"tags":[],"class_list":["post-63900","post","type-post","status-publish","format-standard","has-post-thumbnail","hentry","category-local","category-policia"],"amp_enabled":true,"_links":{"self":[{"href":"https:\/\/lahora.mx\/index.php\/wp-json\/wp\/v2\/posts\/63900","targetHints":{"allow":["GET"]}}],"collection":[{"href":"https:\/\/lahora.mx\/index.php\/wp-json\/wp\/v2\/posts"}],"about":[{"href":"https:\/\/lahora.mx\/index.php\/wp-json\/wp\/v2\/types\/post"}],"author":[{"embeddable":true,"href":"https:\/\/lahora.mx\/index.php\/wp-json\/wp\/v2\/users\/4"}],"replies":[{"embeddable":true,"href":"https:\/\/lahora.mx\/index.php\/wp-json\/wp\/v2\/comments?post=63900"}],"version-history":[{"count":1,"href":"https:\/\/lahora.mx\/index.php\/wp-json\/wp\/v2\/posts\/63900\/revisions"}],"predecessor-version":[{"id":63902,"href":"https:\/\/lahora.mx\/index.php\/wp-json\/wp\/v2\/posts\/63900\/revisions\/63902"}],"wp:featuredmedia":[{"embeddable":true,"href":"https:\/\/lahora.mx\/index.php\/wp-json\/wp\/v2\/media\/63901"}],"wp:attachment":[{"href":"https:\/\/lahora.mx\/index.php\/wp-json\/wp\/v2\/media?parent=63900"}],"wp:term":[{"taxonomy":"category","embeddable":true,"href":"https:\/\/lahora.mx\/index.php\/wp-json\/wp\/v2\/categories?post=63900"},{"taxonomy":"post_tag","embeddable":true,"href":"https:\/\/lahora.mx\/index.php\/wp-json\/wp\/v2\/tags?post=63900"}],"curies":[{"name":"wp","href":"https:\/\/api.w.org\/{rel}","templated":true}]}}