{"id":63891,"date":"2025-06-18T18:20:16","date_gmt":"2025-06-18T18:20:16","guid":{"rendered":"https:\/\/lahora.mx\/?p=63891"},"modified":"2025-06-18T18:20:17","modified_gmt":"2025-06-18T18:20:17","slug":"tormenta-tropical-erick-podria-intensificarse-a-huracan-categoria-2","status":"publish","type":"post","link":"https:\/\/lahora.mx\/index.php\/2025\/06\/18\/tormenta-tropical-erick-podria-intensificarse-a-huracan-categoria-2\/","title":{"rendered":"Tormenta tropical Erick podr\u00eda intensificarse a hurac\u00e1n categor\u00eda 2"},"content":{"rendered":"\n<p>La tormenta tropical Erick contin\u00faa su avance en el Pac\u00edfico mexicano y podr\u00eda convertirse en hurac\u00e1n categor\u00eda 2 en las pr\u00f3ximas 24 horas, seg\u00fan reportes recientes de la Coordinaci\u00f3n Nacional de Protecci\u00f3n Civil.<br><br>La presidenta Claudia Sheinbaum dio a conocer a trav\u00e9s de redes sociales que el fen\u00f3meno meteorol\u00f3gico se localiza actualmente a 335 kil\u00f3metros de las costas entre Oaxaca y Guerrero. Ante su posible evoluci\u00f3n e impacto, se mantiene activa la alerta preventiva para las poblaciones costeras de ambos estados.<\/p>\n\n\n\n<p>Como parte de las acciones de preparaci\u00f3n, se han desplegado los protocolos de emergencia: el Plan DN-III-E por parte del Ej\u00e9rcito Mexicano, el Plan Marina de la Secretar\u00eda de Marina y las brigadas de Protecci\u00f3n Civil estatal. Estas fuerzas est\u00e1n listas para brindar apoyo en caso de evacuaciones, afectaciones o contingencias por lluvias intensas, oleaje elevado y vientos fuertes.<\/p>\n\n\n\n<p>La mandataria federal exhort\u00f3 a los habitantes de la regi\u00f3n a mantenerse informados \u00fanicamente a trav\u00e9s de fuentes oficiales y atender las indicaciones de las autoridades locales, ya que las pr\u00f3ximas horas ser\u00e1n clave en la evoluci\u00f3n del sistema.<\/p>\n","protected":false},"excerpt":{"rendered":"<p>La tormenta tropical Erick contin\u00faa su avance en el Pac\u00edfico mexicano y podr\u00eda convertirse en hurac\u00e1n categor\u00eda 2 en las pr\u00f3ximas 24 horas, seg\u00fan reportes recientes de la Coordinaci\u00f3n Nacional de Protecci\u00f3n Civil. La presidenta Claudia Sheinbaum dio a conocer a trav\u00e9s de redes sociales que el fen\u00f3meno meteorol\u00f3gico se localiza actualmente a 335 kil\u00f3metros [&hellip;]<\/p>\n","protected":false},"author":4,"featured_media":63892,"comment_status":"open","ping_status":"open","sticky":false,"template":"","format":"standard","meta":{"om_disable_all_campaigns":false,"_monsterinsights_skip_tracking":false,"_monsterinsights_sitenote_active":false,"_monsterinsights_sitenote_note":"","_monsterinsights_sitenote_category":0,"footnotes":""},"categories":[176],"tags":[195],"class_list":["post-63891","post","type-post","status-publish","format-standard","has-post-thumbnail","hentry","category-nacional","tag-principal"],"amp_enabled":true,"_links":{"self":[{"href":"https:\/\/lahora.mx\/index.php\/wp-json\/wp\/v2\/posts\/63891","targetHints":{"allow":["GET"]}}],"collection":[{"href":"https:\/\/lahora.mx\/index.php\/wp-json\/wp\/v2\/posts"}],"about":[{"href":"https:\/\/lahora.mx\/index.php\/wp-json\/wp\/v2\/types\/post"}],"author":[{"embeddable":true,"href":"https:\/\/lahora.mx\/index.php\/wp-json\/wp\/v2\/users\/4"}],"replies":[{"embeddable":true,"href":"https:\/\/lahora.mx\/index.php\/wp-json\/wp\/v2\/comments?post=63891"}],"version-history":[{"count":1,"href":"https:\/\/lahora.mx\/index.php\/wp-json\/wp\/v2\/posts\/63891\/revisions"}],"predecessor-version":[{"id":63893,"href":"https:\/\/lahora.mx\/index.php\/wp-json\/wp\/v2\/posts\/63891\/revisions\/63893"}],"wp:featuredmedia":[{"embeddable":true,"href":"https:\/\/lahora.mx\/index.php\/wp-json\/wp\/v2\/media\/63892"}],"wp:attachment":[{"href":"https:\/\/lahora.mx\/index.php\/wp-json\/wp\/v2\/media?parent=63891"}],"wp:term":[{"taxonomy":"category","embeddable":true,"href":"https:\/\/lahora.mx\/index.php\/wp-json\/wp\/v2\/categories?post=63891"},{"taxonomy":"post_tag","embeddable":true,"href":"https:\/\/lahora.mx\/index.php\/wp-json\/wp\/v2\/tags?post=63891"}],"curies":[{"name":"wp","href":"https:\/\/api.w.org\/{rel}","templated":true}]}}