{"id":63888,"date":"2025-06-18T17:56:36","date_gmt":"2025-06-18T17:56:36","guid":{"rendered":"https:\/\/lahora.mx\/?p=63888"},"modified":"2025-06-18T17:56:37","modified_gmt":"2025-06-18T17:56:37","slug":"sep-suspende-clases-en-sierra-negra-por-lluvias-intensas","status":"publish","type":"post","link":"https:\/\/lahora.mx\/index.php\/2025\/06\/18\/sep-suspende-clases-en-sierra-negra-por-lluvias-intensas\/","title":{"rendered":"SEP suspende clases en Sierra Negra por lluvias intensas"},"content":{"rendered":"\n<p>La Secretar\u00eda de Educaci\u00f3n informa que, ante la presencia de la tormenta tropical \u201cErick\u201d y el pron\u00f3stico de lluvias intensas en gran parte del estado, se suspender\u00e1n clases en la Sierra Negra el mi\u00e9rcoles 18 de junio.<br><br>Estas acciones buscan salvaguardar la integridad de la comunidad educativa, ante posibles deslaves, crecidas de r\u00edos, ca\u00edda de \u00e1rboles o afectaciones en caminos rurales.<\/p>\n\n\n\n<p>Se solicita a madres, padres, tutores, docentes y directivos mantenerse atentos a la informaci\u00f3n emitida por las autoridades, seguir las recomendaciones de Protecci\u00f3n Civil y priorizar la seguridad de ni\u00f1as, ni\u00f1os y j\u00f3venes en todo momento.<\/p>\n\n\n\n<p>Las instituciones educativas de inicial, preescolar, primaria, secundaria y bachillerato, ubicadas en las siguientes comunidades, deber\u00e1n impartir clases en la modalidad a distancia (no escolarizada).<\/p>\n\n\n\n<p>Esta medida aplica para los siguientes municipios de la regi\u00f3n Sierra Negra: Ajalpan, Altepexi, Atexcal, Caltepec, Chapulco, Coxcatl\u00e1n, Coyomeapan, Coyotepec, Eloxochitl\u00e1n, Ixcaquixtla, Juan N. M\u00e9ndez, Molcaxac, Nicol\u00e1s Bravo, San Antonio Ca\u00f1ada, San Gabriel Chilac, San Jos\u00e9 Miahuatl\u00e1n, San Sebasti\u00e1n Tlacotepec, Santiago Miahuatl\u00e1n, Tehuac\u00e1n, Tepanco de L\u00f3pez, Tlacotepec de Benito Ju\u00e1rez, Vicente Guerrero, Xochitl\u00e1n Todos Santos, Zapotitl\u00e1n, Zinacatepec y Zoquitl\u00e1n.<\/p>\n","protected":false},"excerpt":{"rendered":"<p>La Secretar\u00eda de Educaci\u00f3n informa que, ante la presencia de la tormenta tropical \u201cErick\u201d y el pron\u00f3stico de lluvias intensas en gran parte del estado, se suspender\u00e1n clases en la Sierra Negra el mi\u00e9rcoles 18 de junio. Estas acciones buscan salvaguardar la integridad de la comunidad educativa, ante posibles deslaves, crecidas de r\u00edos, ca\u00edda de [&hellip;]<\/p>\n","protected":false},"author":4,"featured_media":63889,"comment_status":"open","ping_status":"open","sticky":false,"template":"","format":"standard","meta":{"om_disable_all_campaigns":false,"_monsterinsights_skip_tracking":false,"_monsterinsights_sitenote_active":false,"_monsterinsights_sitenote_note":"","_monsterinsights_sitenote_category":0,"footnotes":""},"categories":[175],"tags":[223],"class_list":["post-63888","post","type-post","status-publish","format-standard","has-post-thumbnail","hentry","category-local","tag-puebla"],"amp_enabled":true,"_links":{"self":[{"href":"https:\/\/lahora.mx\/index.php\/wp-json\/wp\/v2\/posts\/63888","targetHints":{"allow":["GET"]}}],"collection":[{"href":"https:\/\/lahora.mx\/index.php\/wp-json\/wp\/v2\/posts"}],"about":[{"href":"https:\/\/lahora.mx\/index.php\/wp-json\/wp\/v2\/types\/post"}],"author":[{"embeddable":true,"href":"https:\/\/lahora.mx\/index.php\/wp-json\/wp\/v2\/users\/4"}],"replies":[{"embeddable":true,"href":"https:\/\/lahora.mx\/index.php\/wp-json\/wp\/v2\/comments?post=63888"}],"version-history":[{"count":1,"href":"https:\/\/lahora.mx\/index.php\/wp-json\/wp\/v2\/posts\/63888\/revisions"}],"predecessor-version":[{"id":63890,"href":"https:\/\/lahora.mx\/index.php\/wp-json\/wp\/v2\/posts\/63888\/revisions\/63890"}],"wp:featuredmedia":[{"embeddable":true,"href":"https:\/\/lahora.mx\/index.php\/wp-json\/wp\/v2\/media\/63889"}],"wp:attachment":[{"href":"https:\/\/lahora.mx\/index.php\/wp-json\/wp\/v2\/media?parent=63888"}],"wp:term":[{"taxonomy":"category","embeddable":true,"href":"https:\/\/lahora.mx\/index.php\/wp-json\/wp\/v2\/categories?post=63888"},{"taxonomy":"post_tag","embeddable":true,"href":"https:\/\/lahora.mx\/index.php\/wp-json\/wp\/v2\/tags?post=63888"}],"curies":[{"name":"wp","href":"https:\/\/api.w.org\/{rel}","templated":true}]}}