{"id":63885,"date":"2025-06-18T17:52:47","date_gmt":"2025-06-18T17:52:47","guid":{"rendered":"https:\/\/lahora.mx\/?p=63885"},"modified":"2025-06-18T17:52:48","modified_gmt":"2025-06-18T17:52:48","slug":"matan-a-un-campesino-con-varios-disparos-en-atlixco","status":"publish","type":"post","link":"https:\/\/lahora.mx\/index.php\/2025\/06\/18\/matan-a-un-campesino-con-varios-disparos-en-atlixco\/","title":{"rendered":"Matan a un campesino con varios disparos en Atlixco"},"content":{"rendered":"\n<p>Una noche complicada vivi\u00f3 la junta auxiliar rural de Santa Luc\u00eda Cosamaloapan, a poco m\u00e1s de 35 minutos de la cabecera, cuando un campesino acab\u00f3 ejecutado brutalmente a balazos frente a una tienda familiar.<br><br>Trascendi\u00f3 el ataque violento ocurrido alrededor de las 9:30 de la noche y dej\u00f3 adem\u00e1s a dos personas heridas trasladadas a un hospital.<\/p>\n\n\n\n<p>La v\u00edctima mortal qued\u00f3 identificada como Cutberto N., de 31 a\u00f1os de edad, quien se encontraba frente sentado al negocio sobre la calle Reforma cuando recibi\u00f3 al menos cuatro impactos de bala.<\/p>\n\n\n\n<p>De acuerdo con los primeros reportes, varios sujetos armados llegaron al sitio y abrieron fuego sin mediar palabra, desatando el p\u00e1nico entre vecinos y testigos.<\/p>\n\n\n\n<p>Param\u00e9dicos y polic\u00edas locales acudieron al llamado de auxilio tras M\u00faltiples reportes al 911. Al llegar encontraron a Cutberto a\u00fan con signos vitales, pero gravemente herido con impactos en el t\u00f3rax, abdomen y costado izquierdo. Falleci\u00f3 cerca de una hora despu\u00e9s.<\/p>\n\n\n\n<p>En la escena del crimen descubrieron al menos ocho casquillos percutidos calibre .32. La Fiscal\u00eda General del Estado (FGE) ya abri\u00f3 la carpeta de investigaci\u00f3n FGEP\/CDI\/CGEIHD\/ATLIXCO-I\/000282\/2025 y confirm\u00f3 dos personas m\u00e1s resultaron heridas durante el ataque.<\/p>\n\n\n\n<p>Hasta el momento se desconoce si el ataque es un ajuste de cuentas o un intento de ejecuci\u00f3n fallido contra los acompa\u00f1antes.<\/p>\n\n\n\n<p>Cabe destacar, Santa Luc\u00eda Cosamaloapan, junto a otras comunidades rurales de Atlixco, es se\u00f1alada por pobladores como una zona con creciente presencia de conflictos agrarios y disputas por tierras, adem\u00e1s del aumento de la delincuencia.<\/p>\n","protected":false},"excerpt":{"rendered":"<p>Una noche complicada vivi\u00f3 la junta auxiliar rural de Santa Luc\u00eda Cosamaloapan, a poco m\u00e1s de 35 minutos de la cabecera, cuando un campesino acab\u00f3 ejecutado brutalmente a balazos frente a una tienda familiar. Trascendi\u00f3 el ataque violento ocurrido alrededor de las 9:30 de la noche y dej\u00f3 adem\u00e1s a dos personas heridas trasladadas a [&hellip;]<\/p>\n","protected":false},"author":4,"featured_media":63886,"comment_status":"open","ping_status":"open","sticky":false,"template":"","format":"standard","meta":{"om_disable_all_campaigns":false,"_monsterinsights_skip_tracking":false,"_monsterinsights_sitenote_active":false,"_monsterinsights_sitenote_note":"","_monsterinsights_sitenote_category":0,"footnotes":""},"categories":[175,226],"tags":[223],"class_list":["post-63885","post","type-post","status-publish","format-standard","has-post-thumbnail","hentry","category-local","category-policia","tag-puebla"],"amp_enabled":true,"_links":{"self":[{"href":"https:\/\/lahora.mx\/index.php\/wp-json\/wp\/v2\/posts\/63885","targetHints":{"allow":["GET"]}}],"collection":[{"href":"https:\/\/lahora.mx\/index.php\/wp-json\/wp\/v2\/posts"}],"about":[{"href":"https:\/\/lahora.mx\/index.php\/wp-json\/wp\/v2\/types\/post"}],"author":[{"embeddable":true,"href":"https:\/\/lahora.mx\/index.php\/wp-json\/wp\/v2\/users\/4"}],"replies":[{"embeddable":true,"href":"https:\/\/lahora.mx\/index.php\/wp-json\/wp\/v2\/comments?post=63885"}],"version-history":[{"count":1,"href":"https:\/\/lahora.mx\/index.php\/wp-json\/wp\/v2\/posts\/63885\/revisions"}],"predecessor-version":[{"id":63887,"href":"https:\/\/lahora.mx\/index.php\/wp-json\/wp\/v2\/posts\/63885\/revisions\/63887"}],"wp:featuredmedia":[{"embeddable":true,"href":"https:\/\/lahora.mx\/index.php\/wp-json\/wp\/v2\/media\/63886"}],"wp:attachment":[{"href":"https:\/\/lahora.mx\/index.php\/wp-json\/wp\/v2\/media?parent=63885"}],"wp:term":[{"taxonomy":"category","embeddable":true,"href":"https:\/\/lahora.mx\/index.php\/wp-json\/wp\/v2\/categories?post=63885"},{"taxonomy":"post_tag","embeddable":true,"href":"https:\/\/lahora.mx\/index.php\/wp-json\/wp\/v2\/tags?post=63885"}],"curies":[{"name":"wp","href":"https:\/\/api.w.org\/{rel}","templated":true}]}}