{"id":63882,"date":"2025-06-18T17:47:53","date_gmt":"2025-06-18T17:47:53","guid":{"rendered":"https:\/\/lahora.mx\/?p=63882"},"modified":"2025-06-18T17:47:54","modified_gmt":"2025-06-18T17:47:54","slug":"rechazamos-la-censura-sostiene-claudia-sheinbaum-sobre-ley-de-ciberasedio","status":"publish","type":"post","link":"https:\/\/lahora.mx\/index.php\/2025\/06\/18\/rechazamos-la-censura-sostiene-claudia-sheinbaum-sobre-ley-de-ciberasedio\/","title":{"rendered":"Rechazamos la censura, sostiene Claudia Sheinbaum sobre Ley de Ciberasedio"},"content":{"rendered":"\n<p>La presidenta Claudia Sheinbaum puntualiz\u00f3 que su gobierno est\u00e1 en contra de cualquier acci\u00f3n que promueva la censura, en referencia a la Ley de Ciberasedio que se aprob\u00f3 en Puebla.<\/p>\n\n\n\n<p>En su ma\u00f1anera de hoy, desde Palacio Nacional, se le cuestion\u00f3 sobre la ley que tipifica como delito el ciberasedio y que ha causado pol\u00e9mica, ya que se considera promueve la censura.<\/p>\n\n\n\n<p>En respuesta, presidenta mencion\u00f3 que ten\u00eda entendido que el gobernador Alejandro Armenta iba a realizar foros sobre esta ley, sin embargo, se le explic\u00f3 que los foros son para informar sobre el alcance de la Ley de Ciberasedio y no para modificarla.<\/p>\n\n\n\n<p><\/p>\n\n\n\n<p>\u00abBueno, vamos a ver, nuestra posici\u00f3n siempre es en contra de la censura y a favor de la libertad de expresi\u00f3n. No vamos a estar de acuerdo con un art\u00edculo que promueva la censura\u00bb, se\u00f1al\u00f3 Claudia Sheinbaum.<\/p>\n\n\n\n<p>Claudia Sheinbaum secunda posicionamiento de Rosa Icela: rechazan censura<\/p>\n\n\n\n<p>Sobre esto, la presidenta reiter\u00f3 el posicionamiento que hab\u00eda tenido un d\u00eda antes la secretaria de Gobernaci\u00f3n, Rosa Icela Rodr\u00edguez, en se\u00f1alar que su gobierno est\u00e1 en contra de cualquier acci\u00f3n que busque promover la censura.<\/p>\n\n\n\n<p>Ayer, la secretaria de Gobernaci\u00f3n, Rosa Icela Rodr\u00edguez, tambi\u00e9n mencion\u00f3 que el Gobierno Federal est\u00e1 en contra de la censura y record\u00f3 que el movimiento de la Cuarta Transformaci\u00f3n est\u00e1 a favor de la libertad de expresi\u00f3n.<\/p>\n\n\n\n<p>Adem\u00e1s de considerar que cualquier momento es bueno para evaluar y modificar alguna acci\u00f3n que vulnere la libertad de expresi\u00f3n y aval\u00f3 tambi\u00e9n los foros que se realizar\u00e1n sobre este tema.<\/p>\n\n\n\n<p>\u00abMe parece que cualquier momento es bueno para corregir, lo \u00fanico que uno tiene que estar atentos es a decir en este tipo de decisiones veamos si se puede revisar y si es necesario corregir\u00bb, coment\u00f3<\/p>\n\n\n\n<p>Esta ley fue aprobada el pasado 12 de junio, en la cual se considera como delito el ciberasedio, el cual se da cuando una persona utiliza medios de informaci\u00f3n y comunicaci\u00f3n para para insultar, injuriar, ofender, agraviar o vejar a otra persona.<\/p>\n","protected":false},"excerpt":{"rendered":"<p>La presidenta Claudia Sheinbaum puntualiz\u00f3 que su gobierno est\u00e1 en contra de cualquier acci\u00f3n que promueva la censura, en referencia a la Ley de Ciberasedio que se aprob\u00f3 en Puebla. En su ma\u00f1anera de hoy, desde Palacio Nacional, se le cuestion\u00f3 sobre la ley que tipifica como delito el ciberasedio y que ha causado pol\u00e9mica, [&hellip;]<\/p>\n","protected":false},"author":4,"featured_media":63883,"comment_status":"open","ping_status":"open","sticky":false,"template":"","format":"standard","meta":{"om_disable_all_campaigns":false,"_monsterinsights_skip_tracking":false,"_monsterinsights_sitenote_active":false,"_monsterinsights_sitenote_note":"","_monsterinsights_sitenote_category":0,"footnotes":""},"categories":[176],"tags":[195],"class_list":["post-63882","post","type-post","status-publish","format-standard","has-post-thumbnail","hentry","category-nacional","tag-principal"],"amp_enabled":true,"_links":{"self":[{"href":"https:\/\/lahora.mx\/index.php\/wp-json\/wp\/v2\/posts\/63882","targetHints":{"allow":["GET"]}}],"collection":[{"href":"https:\/\/lahora.mx\/index.php\/wp-json\/wp\/v2\/posts"}],"about":[{"href":"https:\/\/lahora.mx\/index.php\/wp-json\/wp\/v2\/types\/post"}],"author":[{"embeddable":true,"href":"https:\/\/lahora.mx\/index.php\/wp-json\/wp\/v2\/users\/4"}],"replies":[{"embeddable":true,"href":"https:\/\/lahora.mx\/index.php\/wp-json\/wp\/v2\/comments?post=63882"}],"version-history":[{"count":1,"href":"https:\/\/lahora.mx\/index.php\/wp-json\/wp\/v2\/posts\/63882\/revisions"}],"predecessor-version":[{"id":63884,"href":"https:\/\/lahora.mx\/index.php\/wp-json\/wp\/v2\/posts\/63882\/revisions\/63884"}],"wp:featuredmedia":[{"embeddable":true,"href":"https:\/\/lahora.mx\/index.php\/wp-json\/wp\/v2\/media\/63883"}],"wp:attachment":[{"href":"https:\/\/lahora.mx\/index.php\/wp-json\/wp\/v2\/media?parent=63882"}],"wp:term":[{"taxonomy":"category","embeddable":true,"href":"https:\/\/lahora.mx\/index.php\/wp-json\/wp\/v2\/categories?post=63882"},{"taxonomy":"post_tag","embeddable":true,"href":"https:\/\/lahora.mx\/index.php\/wp-json\/wp\/v2\/tags?post=63882"}],"curies":[{"name":"wp","href":"https:\/\/api.w.org\/{rel}","templated":true}]}}