{"id":6388,"date":"2022-05-03T04:44:18","date_gmt":"2022-05-03T04:44:18","guid":{"rendered":"http:\/\/lahora.mx\/?p=6388"},"modified":"2022-05-03T04:45:07","modified_gmt":"2022-05-03T04:45:07","slug":"desaparecen-jovenes-al-salir-de-bar-en-misiones-de-san-francisco","status":"publish","type":"post","link":"https:\/\/lahora.mx\/index.php\/2022\/05\/03\/desaparecen-jovenes-al-salir-de-bar-en-misiones-de-san-francisco\/","title":{"rendered":"Saliendo de un bar en Misiones de San Francisco desaparecen tres J\u00f3venes"},"content":{"rendered":"\n<p><strong>Dos menores de edad y un joven de 24 a\u00f1os<\/strong>&nbsp;desaparecieron el pasado s\u00e1bado 30 de abril luego de que salieron de un bar ubicado en&nbsp;<strong>Misiones de San Francisco<\/strong>, en el municipio de Coronango.<\/p>\n\n\n\n<p>Se trata de&nbsp;<strong>Jos\u00e9 Israel Sill Camarillo<\/strong>, de 24 a\u00f1os de edad;&nbsp;<strong>Brayan Moreno Sill<\/strong>, de 17 a\u00f1os y&nbsp;<strong>Adolfo Moreno Sill<\/strong>, de 16 a\u00f1os, todos con domicilio en el mismo conjunto habitacional.<\/p>\n\n\n\n<p>En las publicaciones realizadas en redes sociales familiares explicaron que aproximadamente a las 23:30 horas del s\u00e1bado&nbsp;<strong>los tres j\u00f3venes salieron con direcci\u00f3n al bar \u201cEl 24\u201d<\/strong>, ubicado en la misma zona.<\/p>\n\n\n\n<p>Sin embargo, durante la b\u00fasqueda, se supo que&nbsp;<strong>fueron vistos por \u00faltima vez cerca de las 06:00 horas<\/strong>, ya del 1 de mayo, saliendo del bar.<\/p>\n\n\n\n<p>Vecinos de Misiones de San Francisco informaron que<strong>&nbsp;el establecimiento tiene c\u00e1maras de seguridad<\/strong>&nbsp;y los videos podr\u00edan ser de utilidad para saber qu\u00e9 pas\u00f3 con ellos.<\/p>\n\n\n\n<p>Los tres miden aproximadamente<strong>&nbsp;1.70 metros de estatura y son de complexi\u00f3n delgada.&nbsp;<\/strong>Israel vest\u00eda pantal\u00f3n beige, su\u00e9ter oscuro, tenis color verde y como se\u00f1as particulares tiene una&nbsp;<strong>pr\u00f3tesis en la pierna derecha.<\/strong><\/p>\n\n\n\n<p><strong>Brayan portaba una sudadera color vino<\/strong>&nbsp;con letras blancas, pantal\u00f3n negro y zapatos color caf\u00e9, mientras que&nbsp;<strong>Adolfo llevaba una camisa azul,&nbsp;<\/strong>chaleco negro y pantal\u00f3n azul marino; como se\u00f1a particular, tiene una&nbsp;<strong>cicatriz en la parte trasera de la cabeza.<\/strong><\/p>\n\n\n\n<p>La fotograf\u00eda de los tres varones ya circula en redes sociales, principalmente en grupos de la zona, pero hasta el momento<strong>&nbsp;se ignora su paradero.<\/strong><\/p>\n","protected":false},"excerpt":{"rendered":"<p>Dos menores de edad y un joven de 24 a\u00f1os&nbsp;desaparecieron el pasado s\u00e1bado 30 de abril luego de que salieron de un bar ubicado en&nbsp;Misiones de San Francisco, en el municipio de Coronango. Se trata de&nbsp;Jos\u00e9 Israel Sill Camarillo, de 24 a\u00f1os de edad;&nbsp;Brayan Moreno Sill, de 17 a\u00f1os y&nbsp;Adolfo Moreno Sill, de 16 a\u00f1os, [&hellip;]<\/p>\n","protected":false},"author":4,"featured_media":6389,"comment_status":"open","ping_status":"open","sticky":false,"template":"","format":"standard","meta":{"om_disable_all_campaigns":false,"_monsterinsights_skip_tracking":false,"_monsterinsights_sitenote_active":false,"_monsterinsights_sitenote_note":"","_monsterinsights_sitenote_category":0,"footnotes":""},"categories":[175],"tags":[195,223],"class_list":["post-6388","post","type-post","status-publish","format-standard","has-post-thumbnail","hentry","category-local","tag-principal","tag-puebla"],"amp_enabled":true,"_links":{"self":[{"href":"https:\/\/lahora.mx\/index.php\/wp-json\/wp\/v2\/posts\/6388","targetHints":{"allow":["GET"]}}],"collection":[{"href":"https:\/\/lahora.mx\/index.php\/wp-json\/wp\/v2\/posts"}],"about":[{"href":"https:\/\/lahora.mx\/index.php\/wp-json\/wp\/v2\/types\/post"}],"author":[{"embeddable":true,"href":"https:\/\/lahora.mx\/index.php\/wp-json\/wp\/v2\/users\/4"}],"replies":[{"embeddable":true,"href":"https:\/\/lahora.mx\/index.php\/wp-json\/wp\/v2\/comments?post=6388"}],"version-history":[{"count":2,"href":"https:\/\/lahora.mx\/index.php\/wp-json\/wp\/v2\/posts\/6388\/revisions"}],"predecessor-version":[{"id":6391,"href":"https:\/\/lahora.mx\/index.php\/wp-json\/wp\/v2\/posts\/6388\/revisions\/6391"}],"wp:featuredmedia":[{"embeddable":true,"href":"https:\/\/lahora.mx\/index.php\/wp-json\/wp\/v2\/media\/6389"}],"wp:attachment":[{"href":"https:\/\/lahora.mx\/index.php\/wp-json\/wp\/v2\/media?parent=6388"}],"wp:term":[{"taxonomy":"category","embeddable":true,"href":"https:\/\/lahora.mx\/index.php\/wp-json\/wp\/v2\/categories?post=6388"},{"taxonomy":"post_tag","embeddable":true,"href":"https:\/\/lahora.mx\/index.php\/wp-json\/wp\/v2\/tags?post=6388"}],"curies":[{"name":"wp","href":"https:\/\/api.w.org\/{rel}","templated":true}]}}