{"id":63879,"date":"2025-06-18T17:13:51","date_gmt":"2025-06-18T17:13:51","guid":{"rendered":"https:\/\/lahora.mx\/?p=63879"},"modified":"2025-06-18T17:13:52","modified_gmt":"2025-06-18T17:13:52","slug":"fgr-entrega-en-extradicion-a-eua-a-tres-mexicanos-por-abuso-sexual","status":"publish","type":"post","link":"https:\/\/lahora.mx\/index.php\/2025\/06\/18\/fgr-entrega-en-extradicion-a-eua-a-tres-mexicanos-por-abuso-sexual\/","title":{"rendered":"FGR entrega en extradici\u00f3n a EUA a tres mexicanos por abuso sexual"},"content":{"rendered":"\n<p>En cumplimiento al Tratado de Extradici\u00f3n firmado entre M\u00e9xico y los Estados Unidos de Am\u00e9rica, la Fiscal\u00eda General de la Rep\u00fablica (FGR), entreg\u00f3 en extradici\u00f3n a tres personas de nacionalidad mexicana requeridas por el delito de abuso sexual.<br><br>En el primer caso, Usvaldo \u201cG\u201d, fue requerido por el Tribunal Superior del Estado de California, Condado de San Diego, por el delito de abuso sexual infantil. Fue detenido en la ciudad de Mazatl\u00e1n, Sinaloa, en febrero del a\u00f1o en curso.<\/p>\n\n\n\n<p>En el segundo caso, Sa\u00fal \u201cC\u201d, agredi\u00f3 sexualmente a un menor de edad, por lo que fue requerido por la Corte de Distrito del Condado de Harris, Texas, por el delito de abuso sexual. Su detenci\u00f3n se llev\u00f3 a cabo en enero pasado, en Cuautitl\u00e1n Izcalli, Estado de M\u00e9xico.<\/p>\n\n\n\n<p>En un \u00faltimo caso, Ciro \u201cS\u201d, fue requerido por la Corte Superior del Estado de Arizona para el Condado de Maricopa, por el delito de abuso sexual, cometido en contra de una menor de edad. Fue detenido en enero de este a\u00f1o, en Metztitl\u00e1n, Hidalgo.<\/p>\n\n\n\n<p>Posteriormente, la entrega de estas personas se realiz\u00f3 en el Aeropuerto Internacional de la Ciudad de M\u00e9xico (AICM), a los agentes estadounidenses designados para su traslado final.<\/p>\n","protected":false},"excerpt":{"rendered":"<p>En cumplimiento al Tratado de Extradici\u00f3n firmado entre M\u00e9xico y los Estados Unidos de Am\u00e9rica, la Fiscal\u00eda General de la Rep\u00fablica (FGR), entreg\u00f3 en extradici\u00f3n a tres personas de nacionalidad mexicana requeridas por el delito de abuso sexual. En el primer caso, Usvaldo \u201cG\u201d, fue requerido por el Tribunal Superior del Estado de California, Condado [&hellip;]<\/p>\n","protected":false},"author":4,"featured_media":63880,"comment_status":"open","ping_status":"open","sticky":false,"template":"","format":"standard","meta":{"om_disable_all_campaigns":false,"_monsterinsights_skip_tracking":false,"_monsterinsights_sitenote_active":false,"_monsterinsights_sitenote_note":"","_monsterinsights_sitenote_category":0,"footnotes":""},"categories":[176,226],"tags":[223],"class_list":["post-63879","post","type-post","status-publish","format-standard","has-post-thumbnail","hentry","category-nacional","category-policia","tag-puebla"],"amp_enabled":true,"_links":{"self":[{"href":"https:\/\/lahora.mx\/index.php\/wp-json\/wp\/v2\/posts\/63879","targetHints":{"allow":["GET"]}}],"collection":[{"href":"https:\/\/lahora.mx\/index.php\/wp-json\/wp\/v2\/posts"}],"about":[{"href":"https:\/\/lahora.mx\/index.php\/wp-json\/wp\/v2\/types\/post"}],"author":[{"embeddable":true,"href":"https:\/\/lahora.mx\/index.php\/wp-json\/wp\/v2\/users\/4"}],"replies":[{"embeddable":true,"href":"https:\/\/lahora.mx\/index.php\/wp-json\/wp\/v2\/comments?post=63879"}],"version-history":[{"count":1,"href":"https:\/\/lahora.mx\/index.php\/wp-json\/wp\/v2\/posts\/63879\/revisions"}],"predecessor-version":[{"id":63881,"href":"https:\/\/lahora.mx\/index.php\/wp-json\/wp\/v2\/posts\/63879\/revisions\/63881"}],"wp:featuredmedia":[{"embeddable":true,"href":"https:\/\/lahora.mx\/index.php\/wp-json\/wp\/v2\/media\/63880"}],"wp:attachment":[{"href":"https:\/\/lahora.mx\/index.php\/wp-json\/wp\/v2\/media?parent=63879"}],"wp:term":[{"taxonomy":"category","embeddable":true,"href":"https:\/\/lahora.mx\/index.php\/wp-json\/wp\/v2\/categories?post=63879"},{"taxonomy":"post_tag","embeddable":true,"href":"https:\/\/lahora.mx\/index.php\/wp-json\/wp\/v2\/tags?post=63879"}],"curies":[{"name":"wp","href":"https:\/\/api.w.org\/{rel}","templated":true}]}}